 {"id":159225,"date":"2025-04-02T08:32:13","date_gmt":"2025-04-02T08:32:13","guid":{"rendered":"https:\/\/visittartu.com\/?p=159225"},"modified":"2026-03-04T13:30:21","modified_gmt":"2026-03-04T13:30:21","slug":"tartus-lugusid-ja-kirjandust-otsimas","status":"publish","type":"post","link":"https:\/\/visittartu.com\/et\/tartus-lugusid-ja-kirjandust-otsimas\/","title":{"rendered":"UNESCO: Tartus lugusid ja kirjandust otsimas"},"content":{"rendered":"\t\t<div data-elementor-type=\"wp-post\" data-elementor-id=\"159225\" class=\"elementor elementor-159225\" data-elementor-post-type=\"post\">\n\t\t\t\t<div class=\"elementor-element elementor-element-fd0382a e-flex e-con-boxed e-con e-parent\" data-id=\"fd0382a\" data-element_type=\"container\">\n\t\t\t\t\t<div class=\"e-con-inner\">\n\t\t\t\t<div class=\"elementor-element elementor-element-547f5df elementor-widget elementor-widget-heading\" data-id=\"547f5df\" data-element_type=\"widget\" data-widget_type=\"heading.default\">\n\t\t\t\t<div class=\"elementor-widget-container\">\n\t\t\t\t\t<h2 class=\"elementor-heading-title elementor-size-default\">Kirjanduslinn Tartu ja UNESCO loovlinnade v\u00f5rgustik<\/h2>\t\t\t\t<\/div>\n\t\t\t\t<\/div>\n\t\t\t\t\t<\/div>\n\t\t\t\t<\/div>\n\t\t<div class=\"elementor-element elementor-element-ebf773d e-flex e-con-boxed e-con e-parent\" data-id=\"ebf773d\" data-element_type=\"container\">\n\t\t\t\t\t<div class=\"e-con-inner\">\n\t\t\t\t<div class=\"elementor-element elementor-element-9bf2e73 elementor-widget elementor-widget-text-editor\" data-id=\"9bf2e73\" data-element_type=\"widget\" data-widget_type=\"text-editor.default\">\n\t\t\t\t<div class=\"elementor-widget-container\">\n\t\t\t\t\t\t\t\t\t<p>Tartu on alates 2015. aastast UNESCO loovlinnade v\u00f5rgustikku kuuluv rahvusvaheline\u00a0<a href=\"https:\/\/www.tartu.ee\/et\/unesco-kirjanduslinn\" target=\"_blank\" rel=\"noopener\"><strong>kirjanduslinn<\/strong><\/a>. Ometi ei ela siin \u00fchtegi Nobeli preemia laureaati ega \u00fcleilmselt tuntud kirjanikku. Mida kirjanduslikku siit \u00fcldse sel juhul leida? Vastus peitub linna enda kirjanduslikkuses, selle inspireerivates paikades ja inimestes, tartulikus maailmatunnetuses. J\u00e4rgnevalt on m\u00f5ned soovitused, kuidas kirjanduslikku Tartut avastada.<\/p><p>Abiks on ka\u00a0<a href=\"https:\/\/www.tartu.ee\/sites\/default\/files\/uploads\/Kultuur%20ja%20vaba%20aeg\/Kirjanduslinna%20kaart_est_eng.pdf\" target=\"_blank\" rel=\"noopener\"><strong>kirjanduslinna kaart<\/strong>.<\/a>\u00a0\u00a0<\/p>\t\t\t\t\t\t\t\t<\/div>\n\t\t\t\t<\/div>\n\t\t\t\t\t<\/div>\n\t\t\t\t<\/div>\n\t\t<div class=\"elementor-element elementor-element-eaa5d4b e-flex e-con-boxed e-con e-parent\" data-id=\"eaa5d4b\" data-element_type=\"container\">\n\t\t\t\t\t<div class=\"e-con-inner\">\n\t\t<div class=\"elementor-element elementor-element-7902264 e-con-full e-flex e-con e-child\" data-id=\"7902264\" data-element_type=\"container\">\n\t\t\t\t<div class=\"elementor-element elementor-element-5a6c93a elementor-widget elementor-widget-heading\" data-id=\"5a6c93a\" data-element_type=\"widget\" data-widget_type=\"heading.default\">\n\t\t\t\t<div class=\"elementor-widget-container\">\n\t\t\t\t\t<h2 class=\"elementor-heading-title elementor-size-default\">Liigu kirjanduslikult <\/h2>\t\t\t\t<\/div>\n\t\t\t\t<\/div>\n\t\t\t\t<\/div>\n\t\t\t\t\t<\/div>\n\t\t\t\t<\/div>\n\t\t<div class=\"elementor-element elementor-element-4cdcae4 con-2col-imgtxt cont e-flex e-con-boxed e-con e-parent\" data-id=\"4cdcae4\" data-element_type=\"container\" data-settings=\"{&quot;background_background&quot;:&quot;classic&quot;}\">\n\t\t\t\t\t<div class=\"e-con-inner\">\n\t\t<div class=\"elementor-element elementor-element-859de25 e-con-full e-flex e-con e-child\" data-id=\"859de25\" data-element_type=\"container\">\n\t\t\t\t<div class=\"elementor-element elementor-element-156a05b elementor-widget elementor-widget-image\" data-id=\"156a05b\" data-element_type=\"widget\" data-widget_type=\"image.default\">\n\t\t\t\t<div class=\"elementor-widget-container\">\n\t\t\t\t\t\t\t\t\t\t\t\t<figure class=\"wp-caption\">\n\t\t\t\t\t\t\t\t\t\t<img fetchpriority=\"high\" decoding=\"async\" width=\"1024\" height=\"683\" src=\"https:\/\/visittartu.com\/wp-content\/uploads\/2024\/12\/549965-img_0547kerly-ilves-11-keskmine-1024x683.jpg\" class=\"attachment-large size-large wp-image-159238\" alt=\"Visit_Tartu_visittartu_kirjanduslinn_UNESCO_Kerly_ilves\" srcset=\"https:\/\/visittartu.com\/wp-content\/uploads\/2024\/12\/549965-img_0547kerly-ilves-11-keskmine-1024x683.jpg 1024w, https:\/\/visittartu.com\/wp-content\/uploads\/2024\/12\/549965-img_0547kerly-ilves-11-keskmine-300x200.jpg 300w, https:\/\/visittartu.com\/wp-content\/uploads\/2024\/12\/549965-img_0547kerly-ilves-11-keskmine-768x512.jpg 768w, https:\/\/visittartu.com\/wp-content\/uploads\/2024\/12\/549965-img_0547kerly-ilves-11-keskmine.jpg 1500w\" sizes=\"(max-width: 1024px) 100vw, 1024px\" \/>\t\t\t\t\t\t\t\t\t\t\t<figcaption class=\"widget-image-caption wp-caption-text\">Lugemisr\u00f5\u00f5m, Kerly Ilves<\/figcaption>\n\t\t\t\t\t\t\t\t\t\t<\/figure>\n\t\t\t\t\t\t\t\t\t<\/div>\n\t\t\t\t<\/div>\n\t\t\t\t<\/div>\n\t\t<div class=\"elementor-element elementor-element-d606948 e-con-full e-flex e-con e-child\" data-id=\"d606948\" data-element_type=\"container\">\n\t\t\t\t<div class=\"elementor-element elementor-element-0618998 elementor-widget elementor-widget-text-editor\" data-id=\"0618998\" data-element_type=\"widget\" data-widget_type=\"text-editor.default\">\n\t\t\t\t<div class=\"elementor-widget-container\">\n\t\t\t\t\t\t\t\t\t<div class=\"flex flex-grow flex-col max-w-full\"><div class=\"min-h-[20px] text-message flex w-full flex-col items-end gap-2 whitespace-pre-wrap break-words [.text-message+&amp;]:mt-5 overflow-x-auto\" dir=\"auto\" data-message-author-role=\"assistant\" data-message-id=\"202a72e4-faab-4ca9-b6d4-928a5905cdab\"><div class=\"flex w-full flex-col gap-1 empty:hidden first:pt-[3px]\"><div class=\"markdown prose w-full break-words dark:prose-invert dark\"><p>Tartu t\u00e4navad on tihkelt t\u00e4is n\u00e4htavat ja n\u00e4htamatut kirjandust.<\/p><p>Uitajal tasub vaid heita pilk\u00a0<a href=\"http:\/\/www.google.com\/maps\/d\/u\/0\/viewer?ll=58.381579000000016%2C26.723222999999994&amp;spn=0.035578%2C0.077162&amp;msa=0&amp;iwloc=000496e73a240e6448e22&amp;mid=18SlCIk3vQeasHnKN84E7XaNKmJE&amp;z=14\" target=\"_blank\" rel=\"noopener\"><strong>t\u00e4navakunstile<\/strong><\/a>, kui ta v\u00f5ib kohata koondatud\u00a0A.H. Tammsaaret v\u00f5i Lydia Koidulat. V\u00f5i kergitada Poe t\u00e4naval k\u00fcbarat\u00a0Edgar Allan Poele. Linnaliinibussi astujaid tervitab ikka m\u00f5ni luuletus, sest k\u00e4imas on\u00a0Bussiluule\u00a0projekt.<\/p><p>Nutikaid s\u00fcvenemisi otse t\u00e4naval pakub\u00a0<strong><a href=\"http:\/\/www.kohalugu.edu.ee\/\" target=\"_blank\" rel=\"noopener\">TartuFic mobiili\u00e4pp<\/a><\/strong>, mis toob k\u00f5ndijale k\u00e4tte selle Tartu, mida on mainitud\u00a0<strong><a href=\"https:\/\/teele.luts.ee\/avaleht\" target=\"_blank\" rel=\"noopener\">andmebaasis &#8220;Tartu ilukirjanduses<\/a>&#8220;<\/strong>. Kuulata saab ka audiotekste, juhul kui satutakse kohakuti m\u00f5ne\u00a0<strong><a href=\"https:\/\/www.jutupeatus.ee\/\" target=\"_blank\" rel=\"noopener\">JutuPeatuse<\/a><\/strong>\u00a0sildiga.<\/p><p>K\u00f5ige rohkem on kirjanikke inspireerinud\u00a0Emaj\u00f5gi\u00a0ja\u00a0Toomem\u00e4gi, linnaosadest \u201cv\u00e4ikesed puust linnad\u201d\u00a0<strong><a href=\"https:\/\/www.puhkaeestis.ee\/et\/supilinn-miljoovaartuslik-puitlinn\" target=\"_blank\" rel=\"noopener\">Supilinn<\/a>\u00a0<\/strong>ja\u00a0<a href=\"https:\/\/www.karlova.ee\/kirjandus\" target=\"_blank\" rel=\"noopener\"><strong>Karlova<\/strong>\u00a0<\/a>\u2013 sinna tasubki esmajoones suunduda, soovitavalt ratta seljas.\u00a0\u00a0\u00a0<\/p><\/div><\/div><\/div><\/div>\t\t\t\t\t\t\t\t<\/div>\n\t\t\t\t<\/div>\n\t\t\t\t<\/div>\n\t\t\t\t\t<\/div>\n\t\t\t\t<\/div>\n\t\t<div class=\"elementor-element elementor-element-642e749 e-flex e-con-boxed e-con e-parent\" data-id=\"642e749\" data-element_type=\"container\">\n\t\t\t\t\t<div class=\"e-con-inner\">\n\t\t\t\t<div class=\"elementor-element elementor-element-f4547c0 elementor-widget elementor-widget-heading\" data-id=\"f4547c0\" data-element_type=\"widget\" data-widget_type=\"heading.default\">\n\t\t\t\t<div class=\"elementor-widget-container\">\n\t\t\t\t\t<h2 class=\"elementor-heading-title elementor-size-default\">Kohv ja kirjandus<\/h2>\t\t\t\t<\/div>\n\t\t\t\t<\/div>\n\t\t\t\t\t<\/div>\n\t\t\t\t<\/div>\n\t\t<div class=\"elementor-element elementor-element-f934ba3 con-2col-imgtxt cont e-flex e-con-boxed e-con e-parent\" data-id=\"f934ba3\" data-element_type=\"container\" data-settings=\"{&quot;background_background&quot;:&quot;classic&quot;}\">\n\t\t\t\t\t<div class=\"e-con-inner\">\n\t\t<div class=\"elementor-element elementor-element-f2dcd9e e-flex e-con-boxed e-con e-child\" data-id=\"f2dcd9e\" data-element_type=\"container\">\n\t\t\t\t\t<div class=\"e-con-inner\">\n\t\t<div class=\"elementor-element elementor-element-e5f383d e-con-full e-flex e-con e-child\" data-id=\"e5f383d\" data-element_type=\"container\">\n\t\t\t\t<div class=\"elementor-element elementor-element-a2c0ad6 elementor-widget elementor-widget-spacer\" data-id=\"a2c0ad6\" data-element_type=\"widget\" data-widget_type=\"spacer.default\">\n\t\t\t\t<div class=\"elementor-widget-container\">\n\t\t\t\t\t\t\t<div class=\"elementor-spacer\">\n\t\t\t<div class=\"elementor-spacer-inner\"><\/div>\n\t\t<\/div>\n\t\t\t\t\t\t<\/div>\n\t\t\t\t<\/div>\n\t\t\t\t<div class=\"elementor-element elementor-element-5456402 elementor-widget elementor-widget-text-editor\" data-id=\"5456402\" data-element_type=\"widget\" data-widget_type=\"text-editor.default\">\n\t\t\t\t<div class=\"elementor-widget-container\">\n\t\t\t\t\t\t\t\t\t<p>Kirjandusele on ikka templeid p\u00fcstitatud, neist imposantseim nii sisult kui v\u00e4limuselt asub Vanemuise m\u00e4el:\u00a0<strong><a href=\"https:\/\/utlib.ut.ee\/\" target=\"_blank\" rel=\"noopener\">Tartu \u00dclikooli raamatukogu<\/a><\/strong>, esimene n\u00f5ukogude ehituskunsti saavutus Tartus, mille Eesti Vabariik tunnistas kultuurim\u00e4lestiseks. Selle ees n\u00e4eb\u00a0<strong><a href=\"https:\/\/visittartu.com\/et\/juri-lotmani-monument\" target=\"_blank\" rel=\"noopener\">Juri Lotmani v\u00f5imsat m\u00e4lestusm\u00e4rki<\/a><\/strong><strong>\u00a0<\/strong>&#8211; metallist, veest ja valgusest koosnevat torustikulist portreed.<\/p><p>Koht, kus nii Lotman kui paljud teised legendaarsed professorid ja loomeinimesed on k\u00e4inud kohvi ja konjakit joomas, on aga\u00a0<a href=\"https:\/\/visittartu.com\/et\/%C3%BClikooli-kohvik\" target=\"_blank\" rel=\"noopener\"><strong>\u00dclikooli kohvik<\/strong><\/a>, kust saab ka t\u00e4na l\u00e4bi astuda ja espressot tellida. V\u00f5i v\u00f5tta suund l\u00f5putuks kohvijoomiseks\u00a0<strong><a href=\"https:\/\/visittartu.com\/et\/werner-kohvik\" target=\"_blank\" rel=\"noopener\">Wernerisse<\/a><\/strong>, kus ikka ja j\u00e4lle v\u00f5ib kohata Artur Alliksaare ridade aegset vaimsust: \u201cEi ole paremaid, halvemaid aegu, on ainult hetk&#8230;\u201d Ja Werneri koogid.<\/p><p>Omap\u00e4rane kohtumine ootab ka endisesse tr\u00fckikotta, praegusesse\u00a0<strong><a href=\"https:\/\/visittartu.com\/et\/veini-ja-kunstiresto-vilde-ja-vine\" target=\"_blank\" rel=\"noopener\">Vilde ja Vine kohvikusse<\/a><\/strong>\u00a0suundujaid \u2013\u00a0trehvamine<strong>\u00a0<a href=\"https:\/\/visittartu.com\/et\/skulptuur-oscar-wilde-ja-eduard-vilde\" target=\"_blank\" rel=\"noopener\">Eduard Vilde ja Oscar Wilde\u2019i pronksskulptuuriga<\/a><\/strong>, mille koopia asub Iirimaal Galway&#8217;s.<\/p>\t\t\t\t\t\t\t\t<\/div>\n\t\t\t\t<\/div>\n\t\t\t\t<\/div>\n\t\t<div class=\"elementor-element elementor-element-7f486b1 e-con-full e-flex e-con e-child\" data-id=\"7f486b1\" data-element_type=\"container\">\n\t\t\t\t<div class=\"elementor-element elementor-element-6fccea8 elementor-widget elementor-widget-image\" data-id=\"6fccea8\" data-element_type=\"widget\" data-widget_type=\"image.default\">\n\t\t\t\t<div class=\"elementor-widget-container\">\n\t\t\t\t\t\t\t\t\t\t\t\t<figure class=\"wp-caption\">\n\t\t\t\t\t\t\t\t\t\t<img decoding=\"async\" width=\"1024\" height=\"683\" src=\"https:\/\/visittartu.com\/wp-content\/uploads\/2025\/03\/558196-maanus_kirjandusfestival-0019-img_8602-keskmine-3-1024x683.jpg\" class=\"attachment-large size-large wp-image-167030\" alt=\"Visittartu_unesco_kirjanduslinn_Tartu_kirjandusfestival_primavista_maanus_kullamaa\" srcset=\"https:\/\/visittartu.com\/wp-content\/uploads\/2025\/03\/558196-maanus_kirjandusfestival-0019-img_8602-keskmine-3-1024x683.jpg 1024w, https:\/\/visittartu.com\/wp-content\/uploads\/2025\/03\/558196-maanus_kirjandusfestival-0019-img_8602-keskmine-3-300x200.jpg 300w, https:\/\/visittartu.com\/wp-content\/uploads\/2025\/03\/558196-maanus_kirjandusfestival-0019-img_8602-keskmine-3-768x513.jpg 768w, https:\/\/visittartu.com\/wp-content\/uploads\/2025\/03\/558196-maanus_kirjandusfestival-0019-img_8602-keskmine-3.jpg 1500w\" sizes=\"(max-width: 1024px) 100vw, 1024px\" \/>\t\t\t\t\t\t\t\t\t\t\t<figcaption class=\"widget-image-caption wp-caption-text\">Kirjandusfestival, Maanus Kullamaa<\/figcaption>\n\t\t\t\t\t\t\t\t\t\t<\/figure>\n\t\t\t\t\t\t\t\t\t<\/div>\n\t\t\t\t<\/div>\n\t\t\t\t<\/div>\n\t\t\t\t\t<\/div>\n\t\t\t\t<\/div>\n\t\t\t\t\t<\/div>\n\t\t\t\t<\/div>\n\t\t<div class=\"elementor-element elementor-element-14c484d e-flex e-con-boxed e-con e-parent\" data-id=\"14c484d\" data-element_type=\"container\">\n\t\t\t\t\t<div class=\"e-con-inner\">\n\t\t\t\t<div class=\"elementor-element elementor-element-6a0f2ab elementor-widget elementor-widget-heading\" data-id=\"6a0f2ab\" data-element_type=\"widget\" data-widget_type=\"heading.default\">\n\t\t\t\t<div class=\"elementor-widget-container\">\n\t\t\t\t\t<h2 class=\"elementor-heading-title elementor-size-default\">Kohta Tartu vaimu<\/h2>\t\t\t\t<\/div>\n\t\t\t\t<\/div>\n\t\t\t\t\t<\/div>\n\t\t\t\t<\/div>\n\t\t<div class=\"elementor-element elementor-element-6946ab1 con-2col-imgtxt cont e-flex e-con-boxed e-con e-parent\" data-id=\"6946ab1\" data-element_type=\"container\" data-settings=\"{&quot;background_background&quot;:&quot;classic&quot;}\">\n\t\t\t\t\t<div class=\"e-con-inner\">\n\t\t<div class=\"elementor-element elementor-element-6bf28f1 e-con-full e-flex e-con e-child\" data-id=\"6bf28f1\" data-element_type=\"container\">\n\t\t\t\t<div class=\"elementor-element elementor-element-2bb2405 elementor-widget elementor-widget-image\" data-id=\"2bb2405\" data-element_type=\"widget\" data-widget_type=\"image.default\">\n\t\t\t\t<div class=\"elementor-widget-container\">\n\t\t\t\t\t\t\t\t\t\t\t\t<figure class=\"wp-caption\">\n\t\t\t\t\t\t\t\t\t\t<img decoding=\"async\" width=\"1024\" height=\"585\" src=\"https:\/\/visittartu.com\/wp-content\/uploads\/2024\/12\/549964-img_0547kerly-ilves-21-copy-keskmine-1024x585.jpg\" class=\"attachment-large size-large wp-image-159226\" alt=\"Visittartu_UNESCO_kirjanduslinn_Tartu_Kerly_Ilves\" srcset=\"https:\/\/visittartu.com\/wp-content\/uploads\/2024\/12\/549964-img_0547kerly-ilves-21-copy-keskmine-1024x585.jpg 1024w, https:\/\/visittartu.com\/wp-content\/uploads\/2024\/12\/549964-img_0547kerly-ilves-21-copy-keskmine-300x171.jpg 300w, https:\/\/visittartu.com\/wp-content\/uploads\/2024\/12\/549964-img_0547kerly-ilves-21-copy-keskmine-768x439.jpg 768w, https:\/\/visittartu.com\/wp-content\/uploads\/2024\/12\/549964-img_0547kerly-ilves-21-copy-keskmine.jpg 1500w\" sizes=\"(max-width: 1024px) 100vw, 1024px\" \/>\t\t\t\t\t\t\t\t\t\t\t<figcaption class=\"widget-image-caption wp-caption-text\">Kirjanduslinn Tartu, Kerly Ilves<\/figcaption>\n\t\t\t\t\t\t\t\t\t\t<\/figure>\n\t\t\t\t\t\t\t\t\t<\/div>\n\t\t\t\t<\/div>\n\t\t\t\t<\/div>\n\t\t<div class=\"elementor-element elementor-element-6f53205 e-con-full e-flex e-con e-child\" data-id=\"6f53205\" data-element_type=\"container\">\n\t\t\t\t<div class=\"elementor-element elementor-element-8ef0159 elementor-widget elementor-widget-text-editor\" data-id=\"8ef0159\" data-element_type=\"widget\" data-widget_type=\"text-editor.default\">\n\t\t\t\t<div class=\"elementor-widget-container\">\n\t\t\t\t\t\t\t\t\t<div class=\"flex flex-grow flex-col max-w-full\"><div class=\"min-h-[20px] text-message flex w-full flex-col items-end gap-2 whitespace-pre-wrap break-words [.text-message+&amp;]:mt-5 overflow-x-auto\" dir=\"auto\" data-message-author-role=\"assistant\" data-message-id=\"202a72e4-faab-4ca9-b6d4-928a5905cdab\"><div class=\"flex w-full flex-col gap-1 empty:hidden first:pt-[3px]\"><div class=\"markdown prose w-full break-words dark:prose-invert dark\"><p>Ene Mihkelson, kelle pingile K\u00fc\u00fcni t\u00e4naval v\u00f5ib iga\u00fcks end toetada, kirjeldab Tartu Vaimu kui <em>ilmak\u00e4ra eest pakku, justnagu mahaj\u00e4etud paika pagenut<\/em>. Vaimu olla kord n\u00e4htud Toomkiriku varemeis, kus t\u00e4na asub<a href=\"https:\/\/visittartu.com\/et\/tartu-%C3%BClikooli-muuseum\" target=\"_blank\" rel=\"noopener\">\u00a0<strong>\u00dclikooli muuseum<\/strong><\/a>\u00a0ja toimetab Hull Teadlane, varem aga asus \u00fclikooli raamatukogu. Aga teda olla kuuldud ka masinaid kriuksutamas omap\u00e4rases<strong>\u00a0<a href=\"https:\/\/visittartu.com\/et\/typa-tr%C3%BCki-ja-paberikunstikeskus\" target=\"_blank\" rel=\"noopener\">TYPA\u00a0tr\u00fcki- ja paberikunstikeskuses<\/a><\/strong>, kus iga\u00fcks v\u00f5ib endal s\u00f5rmed tahmaseks teha.<\/p><p>P\u00e4ris kindlalt leiab Vaimu 14. m\u00e4rtsil\u00a0<strong><a href=\"https:\/\/visittartu.com\/et\/kristjan-jaak-petersoni-monument\" target=\"_blank\" rel=\"noopener\">Kristjan Jaak Petersoni m\u00e4lestussamba<\/a><\/strong>\u00a0juurest \u2013\u00a0seal k\u00e4ib ta moodsa eesti luule teerajajale ning eesti keelele austust avaldamas. Vaimul on l\u00f5putult aega t\u00e4henduslike remarkide vahetamiseks\u00a0<strong><a href=\"https:\/\/visittartu.com\/et\/oskar-lutsu-majamuuseum\" target=\"_blank\" rel=\"noopener\">Oskar Lutsuga viimase majamuuseumis<\/a><\/strong>\u00a0v\u00f5i\u00a0<strong><a href=\"https:\/\/visittartu.com\/et\/kgb-kongide-muuseum\" target=\"_blank\" rel=\"noopener\">KGB kongide muuseumis<\/a><\/strong>\u00a0Aleksandr Sol\u017eenits\u00f5niga poliitikast vestlemiseks.\u00a0<\/p><\/div><\/div><\/div><\/div>\t\t\t\t\t\t\t\t<\/div>\n\t\t\t\t<\/div>\n\t\t\t\t<\/div>\n\t\t\t\t\t<\/div>\n\t\t\t\t<\/div>\n\t\t<div class=\"elementor-element elementor-element-1579dd9 e-flex e-con-boxed e-con e-child\" data-id=\"1579dd9\" data-element_type=\"container\">\n\t\t\t\t\t<div class=\"e-con-inner\">\n\t\t<div class=\"elementor-element elementor-element-3ebbd5f e-flex e-con-boxed e-con e-child\" data-id=\"3ebbd5f\" data-element_type=\"container\">\n\t\t\t\t\t<div class=\"e-con-inner\">\n\t\t<div class=\"elementor-element elementor-element-f452772 e-con-full e-flex e-con e-child\" data-id=\"f452772\" data-element_type=\"container\">\n\t\t\t\t<div class=\"elementor-element elementor-element-76eac60 elementor-widget__width-inherit elementor-widget elementor-widget-heading\" data-id=\"76eac60\" data-element_type=\"widget\" data-widget_type=\"heading.default\">\n\t\t\t\t<div class=\"elementor-widget-container\">\n\t\t\t\t\t<h2 class=\"elementor-heading-title elementor-size-default\">Osale kirjanduselus<\/h2>\t\t\t\t<\/div>\n\t\t\t\t<\/div>\n\t\t\t\t<div class=\"elementor-element elementor-element-2fce94a elementor-widget elementor-widget-image\" data-id=\"2fce94a\" data-element_type=\"widget\" data-widget_type=\"image.default\">\n\t\t\t\t<div class=\"elementor-widget-container\">\n\t\t\t\t\t\t\t\t\t\t\t\t<figure class=\"wp-caption\">\n\t\t\t\t\t\t\t\t\t\t<img loading=\"lazy\" decoding=\"async\" width=\"1024\" height=\"576\" src=\"https:\/\/visittartu.com\/wp-content\/uploads\/2025\/04\/558198-maanus_kirjandusfestival-0016-img_8493-keskmine-1024x576.jpg\" class=\"attachment-large size-large wp-image-167220\" alt=\"\" srcset=\"https:\/\/visittartu.com\/wp-content\/uploads\/2025\/04\/558198-maanus_kirjandusfestival-0016-img_8493-keskmine-1024x576.jpg 1024w, https:\/\/visittartu.com\/wp-content\/uploads\/2025\/04\/558198-maanus_kirjandusfestival-0016-img_8493-keskmine-300x169.jpg 300w, https:\/\/visittartu.com\/wp-content\/uploads\/2025\/04\/558198-maanus_kirjandusfestival-0016-img_8493-keskmine-768x432.jpg 768w, https:\/\/visittartu.com\/wp-content\/uploads\/2025\/04\/558198-maanus_kirjandusfestival-0016-img_8493-keskmine.jpg 1500w\" sizes=\"(max-width: 1024px) 100vw, 1024px\" \/>\t\t\t\t\t\t\t\t\t\t\t<figcaption class=\"widget-image-caption wp-caption-text\">Kirjandusfestival, Maanus Kullamaa<\/figcaption>\n\t\t\t\t\t\t\t\t\t\t<\/figure>\n\t\t\t\t\t\t\t\t\t<\/div>\n\t\t\t\t<\/div>\n\t\t\t\t<div class=\"elementor-element elementor-element-2c28cc4 elementor-widget elementor-widget-spacer\" data-id=\"2c28cc4\" data-element_type=\"widget\" data-widget_type=\"spacer.default\">\n\t\t\t\t<div class=\"elementor-widget-container\">\n\t\t\t\t\t\t\t<div class=\"elementor-spacer\">\n\t\t\t<div class=\"elementor-spacer-inner\"><\/div>\n\t\t<\/div>\n\t\t\t\t\t\t<\/div>\n\t\t\t\t<\/div>\n\t\t\t\t<div class=\"elementor-element elementor-element-49fb283 elementor-widget elementor-widget-text-editor\" data-id=\"49fb283\" data-element_type=\"widget\" data-widget_type=\"text-editor.default\">\n\t\t\t\t<div class=\"elementor-widget-container\">\n\t\t\t\t\t\t\t\t\t<p>Suurt osa loovat hapnikku tarbitakse linnas kirjanduselu s\u00f5lmpunktides \u2013n\u00e4iteks\u00a0Kirjanduse majas, kus toimuvad kirjanduslikud teisip\u00e4evad ja alternatiivsed muusika\u00f5htud, aga ka interdistsiplinaarne festival Hullunud Tartu. Igakevadise\u00a0<a href=\"https:\/\/kirjandusfestival.tartu.ee\/\" target=\"_blank\" rel=\"noopener\"><strong>kirjandusfestival Prima Vista<\/strong>\u00a0<\/a>ajal tasub endale parema koha saamiseks seada sammud juba varakult j\u00f5e\u00e4\u00e4rsesse\u00a0<strong><a href=\"https:\/\/www.luts.ee\/\" target=\"_blank\" rel=\"noopener\">Tartu linnaraamatukogusse<\/a><\/strong>.\u00a0<\/p>\t\t\t\t\t\t\t\t<\/div>\n\t\t\t\t<\/div>\n\t\t\t\t<\/div>\n\t\t<div class=\"elementor-element elementor-element-b7bc91a e-con-full e-flex e-con e-child\" data-id=\"b7bc91a\" data-element_type=\"container\">\n\t\t\t\t<div class=\"elementor-element elementor-element-d8be9e4 elementor-widget__width-inherit elementor-widget elementor-widget-heading\" data-id=\"d8be9e4\" data-element_type=\"widget\" data-widget_type=\"heading.default\">\n\t\t\t\t<div class=\"elementor-widget-container\">\n\t\t\t\t\t<h2 class=\"elementor-heading-title elementor-size-default\">Kingi kirjandust<\/h2>\t\t\t\t<\/div>\n\t\t\t\t<\/div>\n\t\t\t\t<div class=\"elementor-element elementor-element-98e663e elementor-widget elementor-widget-image\" data-id=\"98e663e\" data-element_type=\"widget\" data-widget_type=\"image.default\">\n\t\t\t\t<div class=\"elementor-widget-container\">\n\t\t\t\t\t\t\t\t\t\t\t\t<figure class=\"wp-caption\">\n\t\t\t\t\t\t\t\t\t\t<img loading=\"lazy\" decoding=\"async\" width=\"1024\" height=\"582\" src=\"https:\/\/visittartu.com\/wp-content\/uploads\/2025\/04\/Raamatutuba22-1024x582.jpg\" class=\"attachment-large size-large wp-image-167193\" alt=\"Visit_Tartu_raamatutuba_aparaaditehas\" srcset=\"https:\/\/visittartu.com\/wp-content\/uploads\/2025\/04\/Raamatutuba22-1024x582.jpg 1024w, https:\/\/visittartu.com\/wp-content\/uploads\/2025\/04\/Raamatutuba22-300x170.jpg 300w, https:\/\/visittartu.com\/wp-content\/uploads\/2025\/04\/Raamatutuba22-768x436.jpg 768w, https:\/\/visittartu.com\/wp-content\/uploads\/2025\/04\/Raamatutuba22-1536x872.jpg 1536w, https:\/\/visittartu.com\/wp-content\/uploads\/2025\/04\/Raamatutuba22.jpg 1877w\" sizes=\"(max-width: 1024px) 100vw, 1024px\" \/>\t\t\t\t\t\t\t\t\t\t\t<figcaption class=\"widget-image-caption wp-caption-text\">Raamatutuba Fahrenheit 451\u00b0 Aparaaditehases<\/figcaption>\n\t\t\t\t\t\t\t\t\t\t<\/figure>\n\t\t\t\t\t\t\t\t\t<\/div>\n\t\t\t\t<\/div>\n\t\t\t\t<div class=\"elementor-element elementor-element-10a638a elementor-widget elementor-widget-spacer\" data-id=\"10a638a\" data-element_type=\"widget\" data-widget_type=\"spacer.default\">\n\t\t\t\t<div class=\"elementor-widget-container\">\n\t\t\t\t\t\t\t<div class=\"elementor-spacer\">\n\t\t\t<div class=\"elementor-spacer-inner\"><\/div>\n\t\t<\/div>\n\t\t\t\t\t\t<\/div>\n\t\t\t\t<\/div>\n\t\t\t\t<div class=\"elementor-element elementor-element-a91d7c4 elementor-widget elementor-widget-text-editor\" data-id=\"a91d7c4\" data-element_type=\"widget\" data-widget_type=\"text-editor.default\">\n\t\t\t\t<div class=\"elementor-widget-container\">\n\t\t\t\t\t\t\t\t\t<p>Mis oleks Tartu ilma oman\u00e4oliste raamatupoodide ja antikvariaatideta? Aparaaditehases asub vanaraamatuid v\u00e4\u00e4rtustav <strong><a href=\"https:\/\/www.facebook.com\/fahrenheit451raamatutuba#\" target=\"_blank\" rel=\"noopener\">raamatutuba Fahrenheit 451\u00b0<\/a><\/strong>\u00a0 ning v\u00e4ike s\u00f5ltumatu <strong><a href=\"https:\/\/biblioteek.ee\/\" target=\"_blank\" rel=\"noopener\">raamatupood Biblioteek<\/a><\/strong>, kus on m\u00fc\u00fcgil hoolikalt valitud uued ja kasutatud raamatud. Raekoja platsilt leiab \u00f5dusa <strong><a href=\"https:\/\/www.kriso.ee\/\" target=\"_blank\" rel=\"noopener\">raamatukaupluse Krisostomus<\/a><\/strong>, mis pakub head valikut kvaliteetset teaduskirjandust ja \u00fcle maailma v\u00e4lja antud raamatute Eestisse tellimise v\u00f5imalust. Uue ja vana, teadus- ja ilukirjanduse j\u00e4rele tuleb minna Tartu omap\u00e4rasemasse <strong><a href=\"https:\/\/www.facebook.com\/utoopiaraamatupood\/\" target=\"_blank\" rel=\"noopener\">raamatupoodi Utoopia<\/a><\/strong>, nii-\u00f6elda raamatus\u00f5prade sanktuaariumi, kus ei ole v\u00e4listatud ka m\u00f5ne \u00e4sja loetud raamatu autori kohtamine. Antikvariaatide tiheduselt eristub aga Riia t\u00e4nava t\u00f5us, kuhu minnes tasub targu suurema riidekoti kaasa haarata &#8211; seal paiknevad\u00a0<strong><a href=\"https:\/\/www.vanaraamat.ee\/\" target=\"_blank\" rel=\"noopener\">raamatupood S\u00f5na<\/a><\/strong>\u00a0ja suure t\u00e4hega<a href=\"https:\/\/www.antikvariaat.eu\/\" target=\"_blank\" rel=\"noopener\">\u00a0<strong>Antikvariaat<\/strong>.<\/a><\/p>\t\t\t\t\t\t\t\t<\/div>\n\t\t\t\t<\/div>\n\t\t\t\t<\/div>\n\t\t\t\t\t<\/div>\n\t\t\t\t<\/div>\n\t\t\t\t\t<\/div>\n\t\t\t\t<\/div>\n\t\t\t\t<\/div>\n\t\t","protected":false},"excerpt":{"rendered":"<p>Kirjanduslinn Tartu ja UNESCO loovlinnade v\u00f5rgustik Tartu on alates 2015. aastast UNESCO loovlinnade v\u00f5rgustikku kuuluv rahvusvaheline\u00a0kirjanduslinn. Ometi ei ela siin \u00fchtegi Nobeli preemia laureaati ega \u00fcleilmselt tuntud kirjanikku. Mida kirjanduslikku siit \u00fcldse sel juhul leida? Vastus peitub linna enda kirjanduslikkuses, selle inspireerivates paikades ja inimestes, tartulikus maailmatunnetuses. J\u00e4rgnevalt on m\u00f5ned soovitused, kuidas kirjanduslikku Tartut avastada. [&hellip;]<\/p>\n","protected":false},"author":3,"featured_media":167176,"comment_status":"closed","ping_status":"closed","sticky":false,"template":"","format":"standard","meta":{"_acf_changed":false,"footnotes":""},"categories":[203],"tags":[233,277],"class_list":["post-159225","post","type-post","status-publish","format-standard","has-post-thumbnail","hentry","category-artiklid","tag-kultuur","tag-tartu-linn"],"acf":[],"_links":{"self":[{"href":"https:\/\/visittartu.com\/et\/wp-json\/wp\/v2\/posts\/159225","targetHints":{"allow":["GET"]}}],"collection":[{"href":"https:\/\/visittartu.com\/et\/wp-json\/wp\/v2\/posts"}],"about":[{"href":"https:\/\/visittartu.com\/et\/wp-json\/wp\/v2\/types\/post"}],"author":[{"embeddable":true,"href":"https:\/\/visittartu.com\/et\/wp-json\/wp\/v2\/users\/3"}],"replies":[{"embeddable":true,"href":"https:\/\/visittartu.com\/et\/wp-json\/wp\/v2\/comments?post=159225"}],"version-history":[{"count":5,"href":"https:\/\/visittartu.com\/et\/wp-json\/wp\/v2\/posts\/159225\/revisions"}],"predecessor-version":[{"id":173674,"href":"https:\/\/visittartu.com\/et\/wp-json\/wp\/v2\/posts\/159225\/revisions\/173674"}],"wp:featuredmedia":[{"embeddable":true,"href":"https:\/\/visittartu.com\/et\/wp-json\/wp\/v2\/media\/167176"}],"wp:attachment":[{"href":"https:\/\/visittartu.com\/et\/wp-json\/wp\/v2\/media?parent=159225"}],"wp:term":[{"taxonomy":"category","embeddable":true,"href":"https:\/\/visittartu.com\/et\/wp-json\/wp\/v2\/categories?post=159225"},{"taxonomy":"post_tag","embeddable":true,"href":"https:\/\/visittartu.com\/et\/wp-json\/wp\/v2\/tags?post=159225"}],"curies":[{"name":"wp","href":"https:\/\/api.w.org\/{rel}","templated":true}]}}