 {"id":159189,"date":"2024-12-13T12:27:43","date_gmt":"2024-12-13T12:27:43","guid":{"rendered":"https:\/\/visittartu.com\/?p=159189"},"modified":"2025-03-03T09:20:25","modified_gmt":"2025-03-03T09:20:25","slug":"tartu-tahistab-aastavahetust-kolme-valguslavastusega","status":"publish","type":"post","link":"https:\/\/visittartu.com\/et\/tartu-tahistab-aastavahetust-kolme-valguslavastusega\/","title":{"rendered":"Tartu t\u00e4histab aastavahetust kolme valguslavastusega"},"content":{"rendered":"<p><strong>Aastavahetusel ja 1. jaanuaril oodataks tartlasi ja Tartu k\u00fclalisi Vabaduse puiesteele, kus n\u00e4eb valgusetendusi \u201cDesire\u201d, \u201cChoices\u201d ning kultuuripealinna l\u00f5puetendust \u201cJ\u00e4\u00e4 ja loo\u201d.<\/strong><\/p>\n<p>Programm algab 31. detsembril kell 23.30 valgusetendusega \u201cJ\u00e4\u00e4 ja loo\u201d, mida sai n\u00e4ha ka 30. novembril toimunud kultuuripealinna l\u00f5pupeol. Seej\u00e4rel k\u00f5lavad Tartu linnapea ja Eesti Vabariigi presidendi videotervitused. Aastavahetus v\u00f5etakse vastu valgus- ja laserm\u00e4ngu ning muusika saatel. Kell 00.15 n\u00e4eb valgusetendust \u201cDesire\u201d ja kell 00.45 j\u00f5uab publikuni \u201cChoices\u201d. Etendusi korratakse ka 1. jaanuaril algusega kell 18.<\/p>\n<p>Valgusetendusteks seatakse Vabaduse puiesteele, kaubamaja ja turuhoone vahelisele alale \u00fcles spetsiaalne lava.<\/p>\n<p><strong>Valgusetenduste ajakava<\/strong><\/p>\n<p><strong>31. detsembril<\/strong><br \/>\nkell 23.30 \u201cJ\u00e4\u00e4 ja loo\u201d<br \/>\nkell 00.15 \u201cDesire\u201d<br \/>\nkell 00.45 \u201cChoices\u201d<\/p>\n<p><strong>1. jaanuaril<\/strong><br \/>\nkell 18.00 \u201cJ\u00e4\u00e4 ja loo\u201d<br \/>\nkell 18.30 \u201cChoices\u201d<br \/>\nkell 19.00 \u201cDesire\u201d<br \/>\nkell 19.30 \u201cJ\u00e4\u00e4 ja loo\u201d<br \/>\nkell 20.00 \u201cChoices\u201d<br \/>\nkell 20.30 \u201cDesire\u201d<\/p>\n<p>\u201cDesire\u201d r\u00e4\u00e4gib loo sellest, mida inimene p\u00e4riselt igatseb ning millele oma aega ja energiat kulutab. \u201cChoices\u201d jutustab aga elu l\u00f5pututest valikutest ja sellest, kuidas oma ellusuhtumist ise hoida ja m\u00f5jutada. Tartu 2024 l\u00f5pulavastus \u201cJ\u00e4\u00e4 ja loo\u201d s\u00fcmboliseerib kestmist ja edasi loomist. Valgusetendused l\u00f5i ja toob publikuni MT\u00dc \u00d6\u00f6valgel meeskond.<\/p>\n<p>Raekoja kelladel m\u00e4ngib aastavahetuse \u00f6\u00f6l kell 00.00 spetsiaalselt selleks puhuks seatud G. Fr. H\u00e4ndeli \u201cTulev\u00e4rgimuusika\u201d.<\/p>\n<p>Tartu j\u00f5ululinn koos kohvikute ja uisuv\u00e4ljakuga on 31. detsembril avatud kuni kella 22ni ning 1. jaanuaril kell 12-22.<\/p>\n<p>Aastavahetust korraldab Tartu linn ilutulestikuvabalt juba mitu aastat, et v\u00e4hendada liigset m\u00fcra ja keskkonnakahjusid. K\u00f5rgema kategooria ilutulestiku keeld on osa Tartu keskkonnahoidlike s\u00fcndmuste korraldamise juhisest.<\/p>\n<p><em>Lisainfo: Tiigi Seltsimaja direktor Maarja Liba, maarja.liba@tartu.ee.<\/em><\/p>\n","protected":false},"excerpt":{"rendered":"<p>Aastavahetusel ja 1. jaanuaril oodataks tartlasi ja Tartu k\u00fclalisi Vabaduse puiesteele, kus n\u00e4eb valgusetendusi \u201cDesire\u201d, \u201cChoices\u201d ning kultuuripealinna l\u00f5puetendust \u201cJ\u00e4\u00e4 ja loo\u201d. Programm algab 31. detsembril kell 23.30 valgusetendusega \u201cJ\u00e4\u00e4 ja loo\u201d, mida sai n\u00e4ha ka 30. novembril toimunud kultuuripealinna l\u00f5pupeol. Seej\u00e4rel k\u00f5lavad Tartu linnapea ja Eesti Vabariigi presidendi videotervitused. Aastavahetus v\u00f5etakse vastu valgus- ja [&hellip;]<\/p>\n","protected":false},"author":20,"featured_media":159190,"comment_status":"open","ping_status":"open","sticky":false,"template":"","format":"standard","meta":{"_acf_changed":false,"footnotes":""},"categories":[202],"tags":[213],"class_list":["post-159189","post","type-post","status-publish","format-standard","has-post-thumbnail","hentry","category-uudis","tag-sundmused"],"acf":[],"_links":{"self":[{"href":"https:\/\/visittartu.com\/et\/wp-json\/wp\/v2\/posts\/159189","targetHints":{"allow":["GET"]}}],"collection":[{"href":"https:\/\/visittartu.com\/et\/wp-json\/wp\/v2\/posts"}],"about":[{"href":"https:\/\/visittartu.com\/et\/wp-json\/wp\/v2\/types\/post"}],"author":[{"embeddable":true,"href":"https:\/\/visittartu.com\/et\/wp-json\/wp\/v2\/users\/20"}],"replies":[{"embeddable":true,"href":"https:\/\/visittartu.com\/et\/wp-json\/wp\/v2\/comments?post=159189"}],"version-history":[{"count":1,"href":"https:\/\/visittartu.com\/et\/wp-json\/wp\/v2\/posts\/159189\/revisions"}],"predecessor-version":[{"id":159194,"href":"https:\/\/visittartu.com\/et\/wp-json\/wp\/v2\/posts\/159189\/revisions\/159194"}],"wp:featuredmedia":[{"embeddable":true,"href":"https:\/\/visittartu.com\/et\/wp-json\/wp\/v2\/media\/159190"}],"wp:attachment":[{"href":"https:\/\/visittartu.com\/et\/wp-json\/wp\/v2\/media?parent=159189"}],"wp:term":[{"taxonomy":"category","embeddable":true,"href":"https:\/\/visittartu.com\/et\/wp-json\/wp\/v2\/categories?post=159189"},{"taxonomy":"post_tag","embeddable":true,"href":"https:\/\/visittartu.com\/et\/wp-json\/wp\/v2\/tags?post=159189"}],"curies":[{"name":"wp","href":"https:\/\/api.w.org\/{rel}","templated":true}]}}