 {"id":158501,"date":"2024-12-03T07:47:01","date_gmt":"2024-12-03T07:47:01","guid":{"rendered":"https:\/\/visittartu.com\/?p=158501"},"modified":"2024-12-03T07:48:54","modified_gmt":"2024-12-03T07:48:54","slug":"tartu-manguasjamuuseum-sai-rohelise-muuseumi-tiitli","status":"publish","type":"post","link":"https:\/\/visittartu.com\/et\/tartu-manguasjamuuseum-sai-rohelise-muuseumi-tiitli\/","title":{"rendered":"Tartu M\u00e4nguasjamuuseum sai rohelise muuseumi tiitli"},"content":{"rendered":"<p><strong>Tartu M\u00e4nguasjamuuseum p\u00e4lvis k\u00fcmnenda muuseumina Eestis rohelise muuseumi tiitli. Tegemist on Eesti keskkonnajuhtimise assotsiatsiooni poolt v\u00e4ljaantava tiitliga muuseumidele, kes liiguvad j\u00e4rjepidevalt ja sihikindlalt keskkonnas\u00f5bralikuma igap\u00e4evase tegevuse suunas.<\/strong><\/p>\n<p>Tartu M\u00e4nguasjamuuseumi direktori Triin Vaaro s\u00f5nutsi on m\u00e4nguasjamuuseum juba aastaid oma toimetamistes keskkonnas\u00f5bralikkust v\u00e4\u00e4rtustanud. \u201eMuuseumitundides ja lastelavastustes p\u00fc\u00fcame alati lastele teadvustada looduse ja \u00fcksteise hoidmise t\u00e4htsust. Oma n\u00e4itusi luues arvestame, et k\u00f5iki vitriine, materjale ja loomulikult ka m\u00e4nguasju saaks korduvalt kasutada. Rohelise muuseumi tiitel teeb s\u00fcdame soojaks ning kinnitab, et m\u00e4nguasjamuuseum annab oma v\u00e4ikese, kuid olulise panuse maailma tervena hoidmiseks,\u201d selgitab Vaaro.<\/p>\n<p>M\u00e4nguasjamuuseumile antud rohelise muuseumi tiitli \u00fcheks kinnituseks on sellest s\u00fcgisest Teatri Kodu m\u00e4ngukavasse j\u00f5udnud lastelavastus \u201eRohelise s\u00fcdamega linn\u201d, mis keskkonnahoiust ja linnaloodusest r\u00e4\u00e4kides arendab laste \u00f6koloogilist kirjaoskust. K\u00e4imasoleva hooaja muuseumitundide hulgas on elluj\u00e4\u00e4miskunstide ja n\u00e4ssu minevate asjade tunnid, mis arendavad keskkonnap\u00e4devust ja \u00f5petavad nii suuri kui ka v\u00e4ikeseid meid \u00fcmbritseva maailma peale m\u00f5tlema.<\/p>\n<p>Rohelise muuseumi s\u00fcsteemi haldab ja tunnistusi annab v\u00e4lja Eesti Keskkonnajuhtimise Assotsiatsioon. Rohelise muuseumi tiitli s\u00fcsteemi on loonud Stockholmi keskkonnainstituudi Tallinna keskus koos ICOM Eesti rahvuskomiteega.<\/p>\n<p>Tartu M\u00e4nguasjamuuseum asub Tartu vanalinnas Lutsu t\u00e4naval ja on aastaringselt avatud kolmap\u00e4evast p\u00fchap\u00e4evani kell 11-18.<br \/>\nLisainfot n\u00e4ituste, teatrietenduste ja \u00f5pitubade kohta saab aadressilt <a href=\"https:\/\/www.mm.ee\/\" target=\"_blank\" rel=\"noopener\">www.mm.ee<\/a> v\u00f5i telefonil 7461 777.<\/p>\n<p><em>Lisainfo: Marge P\u00e4rnits, Tartu M\u00e4nguasjamuuseumi arendusjuht, tel 5136716, marge@mm.ee, <a href=\"https:\/\/www.mm.ee\/\" target=\"_blank\" rel=\"noopener\">www.mm.ee<\/a>.<\/em><\/p>\n","protected":false},"excerpt":{"rendered":"<p>Tartu M\u00e4nguasjamuuseum p\u00e4lvis k\u00fcmnenda muuseumina Eestis rohelise muuseumi tiitli. Tegemist on Eesti keskkonnajuhtimise assotsiatsiooni poolt v\u00e4ljaantava tiitliga muuseumidele, kes liiguvad j\u00e4rjepidevalt ja sihikindlalt keskkonnas\u00f5bralikuma igap\u00e4evase tegevuse suunas. Tartu M\u00e4nguasjamuuseumi direktori Triin Vaaro s\u00f5nutsi on m\u00e4nguasjamuuseum juba aastaid oma toimetamistes keskkonnas\u00f5bralikkust v\u00e4\u00e4rtustanud. \u201eMuuseumitundides ja lastelavastustes p\u00fc\u00fcame alati lastele teadvustada looduse ja \u00fcksteise hoidmise t\u00e4htsust. Oma n\u00e4itusi [&hellip;]<\/p>\n","protected":false},"author":20,"featured_media":158502,"comment_status":"open","ping_status":"open","sticky":false,"template":"","format":"standard","meta":{"_acf_changed":false,"footnotes":""},"categories":[202],"tags":[201],"class_list":["post-158501","post","type-post","status-publish","format-standard","has-post-thumbnail","hentry","category-uudis","tag-roheline-tartu"],"acf":[],"_links":{"self":[{"href":"https:\/\/visittartu.com\/et\/wp-json\/wp\/v2\/posts\/158501","targetHints":{"allow":["GET"]}}],"collection":[{"href":"https:\/\/visittartu.com\/et\/wp-json\/wp\/v2\/posts"}],"about":[{"href":"https:\/\/visittartu.com\/et\/wp-json\/wp\/v2\/types\/post"}],"author":[{"embeddable":true,"href":"https:\/\/visittartu.com\/et\/wp-json\/wp\/v2\/users\/20"}],"replies":[{"embeddable":true,"href":"https:\/\/visittartu.com\/et\/wp-json\/wp\/v2\/comments?post=158501"}],"version-history":[{"count":1,"href":"https:\/\/visittartu.com\/et\/wp-json\/wp\/v2\/posts\/158501\/revisions"}],"predecessor-version":[{"id":158506,"href":"https:\/\/visittartu.com\/et\/wp-json\/wp\/v2\/posts\/158501\/revisions\/158506"}],"wp:featuredmedia":[{"embeddable":true,"href":"https:\/\/visittartu.com\/et\/wp-json\/wp\/v2\/media\/158502"}],"wp:attachment":[{"href":"https:\/\/visittartu.com\/et\/wp-json\/wp\/v2\/media?parent=158501"}],"wp:term":[{"taxonomy":"category","embeddable":true,"href":"https:\/\/visittartu.com\/et\/wp-json\/wp\/v2\/categories?post=158501"},{"taxonomy":"post_tag","embeddable":true,"href":"https:\/\/visittartu.com\/et\/wp-json\/wp\/v2\/tags?post=158501"}],"curies":[{"name":"wp","href":"https:\/\/api.w.org\/{rel}","templated":true}]}}