 {"id":158071,"date":"2024-12-02T13:54:09","date_gmt":"2024-12-02T13:54:09","guid":{"rendered":"https:\/\/visittartu.com\/?p=158071"},"modified":"2026-01-26T14:53:56","modified_gmt":"2026-01-26T14:53:56","slug":"tartu-konverentsisaadikute-klubi-kulastas-tartu-linnamuuseumit","status":"publish","type":"post","link":"https:\/\/visittartu.com\/et\/tartu-konverentsisaadikute-klubi-kulastas-tartu-linnamuuseumit\/","title":{"rendered":"Tartu konverentsisaadikute klubi k\u00fclastas Tartu linnamuuseumit"},"content":{"rendered":"<p><strong>27. novembril kogunes Tartu konverentsisaadikute klubi Tartu linnamuuseumis, et kogeda inspireerivat p\u00e4rastl\u00f5unat n\u00e4itusel \u201e<a href=\"https:\/\/muuseum.tartu.ee\/exhibition\/meie-tartu\/\" target=\"_blank\" rel=\"noopener\">Meie Tartu<\/a>\u201c.<\/strong><\/p>\n<p>Linnamuuseumi v\u00e4ljapanek tutvustab Tartu linna ja linnaosade erilisust kohalike elanike lugude kaudu ning r\u00f5hutab linnaosade rolli kogukondliku identiteedi kujunemisel. K\u00fclastus andis osalejatele v\u00f5imaluse tunnetada seda, mis teeb Tartust ainulaadse linna, kus eripalgelised linnaosad moodustavad \u00fchtse ja elava terviku.<\/p>\n<p>Kuraatorid Maria Usk ja Robert Varik viisid l\u00e4bi sisuka giidituuri, avades n\u00e4ituse loomise tausta ja jagades p\u00f5nevaid fakte linnaosade kohta. Tartu linnamuuseumi juht Risto Lehiste tutvustas muuseumi ruumide v\u00f5imalusi s\u00fcndmuste korraldamiseks ning pakkus praktilisi n\u00e4pun\u00e4iteid ja inspireerivaid n\u00e4iteid varasematest konverentsidest. Tema jagatud lood t\u00f5id esile muuseumi kui unikaalse ja meeldej\u00e4\u00e4va s\u00fcndmuspaiga v\u00e4\u00e4rtuse.<\/p>\n<p>Tartu konverentsisaadikute klubi koosveedetud aeg ja muuseumis kogetud kohalike inimeste lood tekitasid osalejates sooja tunde. Kogu see elamus kokku peegeldas Tartu t\u00f5elist olemust, millest saavad alati osa ka siin korraldatud konverentside k\u00fclalised.<\/p>\n<p><em>Lisainfo: Merje Laimets, \u00e4ri- ja konverentsiturismi spetsialist, merje.laimets@visittartu.com, +372 5564 9706.\u00a0<\/em><\/p>\n","protected":false},"excerpt":{"rendered":"<p>27. novembril kogunes Tartu konverentsisaadikute klubi Tartu linnamuuseumis, et kogeda inspireerivat p\u00e4rastl\u00f5unat n\u00e4itusel \u201eMeie Tartu\u201c. Linnamuuseumi v\u00e4ljapanek tutvustab Tartu linna ja linnaosade erilisust kohalike elanike lugude kaudu ning r\u00f5hutab linnaosade rolli kogukondliku identiteedi kujunemisel. K\u00fclastus andis osalejatele v\u00f5imaluse tunnetada seda, mis teeb Tartust ainulaadse linna, kus eripalgelised linnaosad moodustavad \u00fchtse ja elava terviku. Kuraatorid Maria [&hellip;]<\/p>\n","protected":false},"author":3,"featured_media":158108,"comment_status":"closed","ping_status":"closed","sticky":false,"template":"","format":"standard","meta":{"_acf_changed":false,"footnotes":""},"categories":[202],"tags":[251,1012,1581],"class_list":["post-158071","post","type-post","status-publish","format-standard","has-post-thumbnail","hentry","category-uudis","tag-konverents","tag-konverentsisaadikud","tag-professionaal"],"acf":[],"_links":{"self":[{"href":"https:\/\/visittartu.com\/et\/wp-json\/wp\/v2\/posts\/158071","targetHints":{"allow":["GET"]}}],"collection":[{"href":"https:\/\/visittartu.com\/et\/wp-json\/wp\/v2\/posts"}],"about":[{"href":"https:\/\/visittartu.com\/et\/wp-json\/wp\/v2\/types\/post"}],"author":[{"embeddable":true,"href":"https:\/\/visittartu.com\/et\/wp-json\/wp\/v2\/users\/3"}],"replies":[{"embeddable":true,"href":"https:\/\/visittartu.com\/et\/wp-json\/wp\/v2\/comments?post=158071"}],"version-history":[{"count":3,"href":"https:\/\/visittartu.com\/et\/wp-json\/wp\/v2\/posts\/158071\/revisions"}],"predecessor-version":[{"id":158100,"href":"https:\/\/visittartu.com\/et\/wp-json\/wp\/v2\/posts\/158071\/revisions\/158100"}],"wp:featuredmedia":[{"embeddable":true,"href":"https:\/\/visittartu.com\/et\/wp-json\/wp\/v2\/media\/158108"}],"wp:attachment":[{"href":"https:\/\/visittartu.com\/et\/wp-json\/wp\/v2\/media?parent=158071"}],"wp:term":[{"taxonomy":"category","embeddable":true,"href":"https:\/\/visittartu.com\/et\/wp-json\/wp\/v2\/categories?post=158071"},{"taxonomy":"post_tag","embeddable":true,"href":"https:\/\/visittartu.com\/et\/wp-json\/wp\/v2\/tags?post=158071"}],"curies":[{"name":"wp","href":"https:\/\/api.w.org\/{rel}","templated":true}]}}