 {"id":154496,"date":"2024-11-18T07:29:32","date_gmt":"2024-11-18T07:29:32","guid":{"rendered":"https:\/\/visittartu.com\/?p=154496"},"modified":"2024-11-18T07:30:30","modified_gmt":"2024-11-18T07:30:30","slug":"tartu-kunstimuuseumis-selle-aasta-viimane-seenioride-reede-eriprogramm","status":"publish","type":"post","link":"https:\/\/visittartu.com\/et\/tartu-kunstimuuseumis-selle-aasta-viimane-seenioride-reede-eriprogramm\/","title":{"rendered":"Tartu Kunstimuuseumis selle aasta viimane \u201eSeenioride reede\u201c eriprogramm"},"content":{"rendered":"<p><strong>Selle aasta viimane \u201eSeenioride reede\u201c eriprogramm toimub\u00a0 29. novembril kell 13.00. Kuraatorituur toimub rahvusvahelisel kunstin\u00e4itusel \u201eViltuse maja saladused\u201c, kus tunnustatud kunstnike ja laste koost\u00f6\u00f6s loodud teosed elavdavad meeli ja v\u00f5imaldavad kohapeal ka ise kunsti luua. Ringk\u00e4iku viib l\u00e4bi n\u00e4ituse kuraator Hanna-Liis Kont.<\/strong><\/p>\n<p>V\u00e4ljapanek koosneb peamiselt uutest, selle n\u00e4ituse jaoks loodud teostest, mis kutsuvad esile igas vanuses k\u00fclastajate m\u00e4ngulisuse. Avastamisr\u00f5\u00f5mu pakuvad ka koos lastega muuseumikogudest valitud loodusvaated \u201eVaadete varakambris\u201c, kus saab nautida kunstiklassikat ja uudistada v\u00e4hem tuntud teoseid ligi 30 autorilt.<\/p>\n<p>V\u00e4ljapaneku seovad tervikuks mitmesugused ruumilahendused. Saladusi t\u00e4is viltuses majas on avatud seni peidus olnud aknaid ning loodud uusi k\u00e4ike ja soppe. Muuseumi p\u00e4\u00e4seb n\u00e4ituse jooksul ka Raekoja platsi poolsest uksest.<\/p>\n<p>N\u00e4itusetuur kestab ligikaudu poolteist tundi. Osalemiseks on vaja soetada \u00fche-eurone n\u00e4itusepilet.<\/p>\n<p>\u201eViltuse maja saladused\u201c on kunstihariduse projekti \u201eKunst loob l\u00e4hedust\u201c peas\u00fcndmus ja kuulub Euroopa kultuuripealinn Tartu 2024 p\u00f5hiprogrammi.<\/p>\n<p>Eakatele m\u00f5eldud programmi tegevuse p\u00f5hisisuks on kuu viimasel reedel toimuvad n\u00e4itusek\u00fclastused koos kuraatoritega, mille k\u00e4igus tutvustatakse erinevaid Tartu Kunstimuuseumi n\u00e4ituseid ning p\u00e4rast nendega tutvumist saab haridusklassis m\u00f5nusas seltskonnas teed juues ja k\u00fcpsiseid s\u00fc\u00fces kunstimuljed vahetada ning muudel huvitavatel teemadel arutleda.<\/p>\n<p><em>Lisainfo: Katrin L\u00f5oke, Kommunikatsiooni- ja turundusspetsialist, e-post:\u00a0<a href=\"mailto:katrin.looke@tartmus.ee\">katrin.looke@tartmus.ee, t<\/a>el: +372 51980660<\/em><\/p>\n","protected":false},"excerpt":{"rendered":"<p>Selle aasta viimane \u201eSeenioride reede\u201c eriprogramm toimub\u00a0 29. novembril kell 13.00. Kuraatorituur toimub rahvusvahelisel kunstin\u00e4itusel \u201eViltuse maja saladused\u201c, kus tunnustatud kunstnike ja laste koost\u00f6\u00f6s loodud teosed elavdavad meeli ja v\u00f5imaldavad kohapeal ka ise kunsti luua. Ringk\u00e4iku viib l\u00e4bi n\u00e4ituse kuraator Hanna-Liis Kont. V\u00e4ljapanek koosneb peamiselt uutest, selle n\u00e4ituse jaoks loodud teostest, mis kutsuvad esile igas [&hellip;]<\/p>\n","protected":false},"author":9,"featured_media":154497,"comment_status":"open","ping_status":"open","sticky":false,"template":"","format":"standard","meta":{"_acf_changed":false,"footnotes":""},"categories":[202],"tags":[230],"class_list":["post-154496","post","type-post","status-publish","format-standard","has-post-thumbnail","hentry","category-uudis","tag-muuseum"],"acf":[],"_links":{"self":[{"href":"https:\/\/visittartu.com\/et\/wp-json\/wp\/v2\/posts\/154496","targetHints":{"allow":["GET"]}}],"collection":[{"href":"https:\/\/visittartu.com\/et\/wp-json\/wp\/v2\/posts"}],"about":[{"href":"https:\/\/visittartu.com\/et\/wp-json\/wp\/v2\/types\/post"}],"author":[{"embeddable":true,"href":"https:\/\/visittartu.com\/et\/wp-json\/wp\/v2\/users\/9"}],"replies":[{"embeddable":true,"href":"https:\/\/visittartu.com\/et\/wp-json\/wp\/v2\/comments?post=154496"}],"version-history":[{"count":2,"href":"https:\/\/visittartu.com\/et\/wp-json\/wp\/v2\/posts\/154496\/revisions"}],"predecessor-version":[{"id":154502,"href":"https:\/\/visittartu.com\/et\/wp-json\/wp\/v2\/posts\/154496\/revisions\/154502"}],"wp:featuredmedia":[{"embeddable":true,"href":"https:\/\/visittartu.com\/et\/wp-json\/wp\/v2\/media\/154497"}],"wp:attachment":[{"href":"https:\/\/visittartu.com\/et\/wp-json\/wp\/v2\/media?parent=154496"}],"wp:term":[{"taxonomy":"category","embeddable":true,"href":"https:\/\/visittartu.com\/et\/wp-json\/wp\/v2\/categories?post=154496"},{"taxonomy":"post_tag","embeddable":true,"href":"https:\/\/visittartu.com\/et\/wp-json\/wp\/v2\/tags?post=154496"}],"curies":[{"name":"wp","href":"https:\/\/api.w.org\/{rel}","templated":true}]}}