 {"id":152134,"date":"2024-11-07T09:15:07","date_gmt":"2024-11-07T09:15:07","guid":{"rendered":"https:\/\/visittartu.com\/?p=152134"},"modified":"2024-11-07T09:15:07","modified_gmt":"2024-11-07T09:15:07","slug":"avasta-uudishimu-paeval-loodusmuuseumi-ponevaid-eksponaate","status":"publish","type":"post","link":"https:\/\/visittartu.com\/et\/avasta-uudishimu-paeval-loodusmuuseumi-ponevaid-eksponaate\/","title":{"rendered":"Avasta uudishimu p\u00e4eval loodusmuuseumi p\u00f5nevaid eksponaate"},"content":{"rendered":"<p><strong>Tartu \u00dclikooli loodusmuuseum kutsub 17. novembril kell 13 osa saama uudishimu p\u00e4evast, pakkudes ainulaadset v\u00f5imalust osaleda ekskursioonil, mis avab uue ja p\u00f5neva vaate muuseumi eksponaatidele. <\/strong><\/p>\n<p>P\u00fchap\u00e4eval, 17. novembril kell 13 viib giid k\u00fclastajad avastusretkele, kus tutvustatakse muuseumi ajalugu ja esemeid, pakkudes s\u00fcgavat sissevaadet Maa elus ja eluta loodusesse.\u00a0Tunni aja jooksul saavad k\u00fclastajad kuulda erakordseid lugusid, mis peituvad v\u00e4ljapanekute taga, ning kogeda loodusmuuseumi hoone ajalugu selle t\u00e4ies hiilguses. Osalemiseks on vajalik eelnev <a href=\"https:\/\/forms.office.com\/Pages\/ResponsePage.aspx?id=F2M1bQQNvEq2toyXc4hbsJe2_1VhlVZNrAa31IiQhX1UQUNGUzJaOU9NVzdLWTZDQzUwMDM2RDhZVy4u\" target=\"_blank\" rel=\"noopener\"><strong>registreerumine<\/strong><\/a> ning ekskursioonile p\u00e4\u00e4seb muuseumi piletiga.\u00a0Kogunemine on fuajees.<\/p>\n<p>Ekskursiooniga t\u00e4histame Eesti Vabariigi Presidendi Alar Karise ellu kutsutud uudishimu p\u00e4eva, mille eesm\u00e4rk on v\u00e4\u00e4rtustada uudishimu kui elukestva \u00f5ppimise alust ning innustada tegevusi, mis inspireerivad igas vanuses inimesi silmaringi avardama ja uusi teadmisi ning oskusi omandama.<\/p>\n<p>Samuti t\u00e4histame Euroopa akadeemilise p\u00e4randi p\u00e4eva 18. novembril, mida peetakse Euroopa \u00fclikoolide arhiivides, raamatukogudes ja muuseumides leiduva akadeemilise p\u00e4randi v\u00e4\u00e4rtustamiseks. Euroopa akadeemilise p\u00e4randi p\u00e4eva on algatanud <a href=\"https:\/\/www.universeum-network.eu\/\" target=\"_blank\" rel=\"noopener\">Euroopa Akadeemilise P\u00e4randi V\u00f5rgustik Universeum<\/a>. Akadeemilise p\u00e4randi p\u00e4eva puhul on <strong>esmasp\u00e4eval, 18. novembril sissep\u00e4\u00e4s botaanikaaeda tasuta.<\/strong><\/p>\n<p><strong>Lisainfo:\u202f\u202f<\/strong>Tartu \u00dclikooli loodusmuuseum\u202fja botaanikaaed, tel 737 6076, <a href=\"mailto:loodusmuuseum@ut.ee\">loodusmuuseum@ut.ee<\/a><\/p>\n","protected":false},"excerpt":{"rendered":"<p>Tartu \u00dclikooli loodusmuuseum kutsub 17. novembril kell 13 osa saama uudishimu p\u00e4evast, pakkudes ainulaadset v\u00f5imalust osaleda ekskursioonil, mis avab uue ja p\u00f5neva vaate muuseumi eksponaatidele. P\u00fchap\u00e4eval, 17. novembril kell 13 viib giid k\u00fclastajad avastusretkele, kus tutvustatakse muuseumi ajalugu ja esemeid, pakkudes s\u00fcgavat sissevaadet Maa elus ja eluta loodusesse.\u00a0Tunni aja jooksul saavad k\u00fclastajad kuulda erakordseid lugusid, [&hellip;]<\/p>\n","protected":false},"author":9,"featured_media":152135,"comment_status":"open","ping_status":"open","sticky":false,"template":"","format":"standard","meta":{"_acf_changed":false,"footnotes":""},"categories":[202],"tags":[230,213],"class_list":["post-152134","post","type-post","status-publish","format-standard","has-post-thumbnail","hentry","category-uudis","tag-muuseum","tag-sundmused"],"acf":[],"_links":{"self":[{"href":"https:\/\/visittartu.com\/et\/wp-json\/wp\/v2\/posts\/152134","targetHints":{"allow":["GET"]}}],"collection":[{"href":"https:\/\/visittartu.com\/et\/wp-json\/wp\/v2\/posts"}],"about":[{"href":"https:\/\/visittartu.com\/et\/wp-json\/wp\/v2\/types\/post"}],"author":[{"embeddable":true,"href":"https:\/\/visittartu.com\/et\/wp-json\/wp\/v2\/users\/9"}],"replies":[{"embeddable":true,"href":"https:\/\/visittartu.com\/et\/wp-json\/wp\/v2\/comments?post=152134"}],"version-history":[{"count":1,"href":"https:\/\/visittartu.com\/et\/wp-json\/wp\/v2\/posts\/152134\/revisions"}],"predecessor-version":[{"id":152139,"href":"https:\/\/visittartu.com\/et\/wp-json\/wp\/v2\/posts\/152134\/revisions\/152139"}],"wp:featuredmedia":[{"embeddable":true,"href":"https:\/\/visittartu.com\/et\/wp-json\/wp\/v2\/media\/152135"}],"wp:attachment":[{"href":"https:\/\/visittartu.com\/et\/wp-json\/wp\/v2\/media?parent=152134"}],"wp:term":[{"taxonomy":"category","embeddable":true,"href":"https:\/\/visittartu.com\/et\/wp-json\/wp\/v2\/categories?post=152134"},{"taxonomy":"post_tag","embeddable":true,"href":"https:\/\/visittartu.com\/et\/wp-json\/wp\/v2\/tags?post=152134"}],"curies":[{"name":"wp","href":"https:\/\/api.w.org\/{rel}","templated":true}]}}