 {"id":151328,"date":"2024-11-04T13:06:41","date_gmt":"2024-11-04T13:06:41","guid":{"rendered":"https:\/\/visittartu.com\/?p=151328"},"modified":"2024-11-04T13:17:51","modified_gmt":"2024-11-04T13:17:51","slug":"loodusohtu-kuidas-loodus-talveks-valmistub","status":"publish","type":"post","link":"https:\/\/visittartu.com\/et\/loodusohtu-kuidas-loodus-talveks-valmistub\/","title":{"rendered":"Loodus\u00f5htu \u201eKuidas loodus talveks valmistub?\u201c"},"content":{"rendered":"<p><strong>Laup\u00e4eval, 9. novembril kell 18 toimub Tartu \u00dclikooli botaanikaaias loodus\u00f5htu. Valgusfestivali TAVA24 raames toimuval loodus\u00f5htul r\u00e4\u00e4gib loodusajakirjanik Kristel Vilbaste sellest, kuidas loodus talveks valmistub.<\/strong><\/p>\n<p>Talve tulek on looduses alati eriline aeg, mil paljud elukad ja taimed valmistuvad k\u00fclmadeks kuudeks. S\u00fcgisel, kui p\u00e4evad j\u00e4\u00e4vad l\u00fchemaks ja temperatuurid madalamaks, algavad taimedel ja loomadel mitmed olulised muutused.<\/p>\n<p>Miks l\u00e4hevad s\u00fcgisel lehed kollaseks v\u00f5i miks on m\u00f5ned vahtrad punasemad kui teised? Miks l\u00f5disevad lehetamme lehed puu k\u00fcljes terve talve v\u00f5i kuidas veetaimed veep\u00f5hja l\u00e4hevad? Kas inimesed peaksid samuti minema talveunne v\u00f5i piisab soojadest sokkidest ja ravimtaimeteest? Nendest k\u00fcsimustest ja muust r\u00e4\u00e4gib Kristel Vilbaste juba sel laup\u00e4eval, 9. novembril kell 18 toimuval loodus\u00f5htul.<\/p>\n<p>Kristel Vilbaste on loodusajakirjanik, kes kolm aastak\u00fcmmet on Eesti meedias r\u00e4\u00e4kinud looduse ilust ja omap\u00e4rast. Ta on avaldanud \u00fcle 20 loodusraamatu, nagu n\u00e4iteks \u201eEesti allikad\u201c, \u201eEesti ravimtaimed I-III\u201c ja \u201eKuidas taimed tervist toovad\u201c (koos Ain Raaliga).<\/p>\n<p>Loodus\u00f5htu Kristel Vilbastega toimub 9. novembril kell 18 Tartu \u00dclikooli botaanikaaia \u00f5ppeklassis. Kuna \u00fcritus toimub samal ajal Tartu \u00dclikooli botaanikaaias toimuva valgusfestivali TAVA24 raames, siis loodus\u00f5htul osalemine on valgusfestivali piletiga 6\u20ac, piletiga saab k\u00fclastada ka valgusfestivali. Piletid saadaval <a href=\"https:\/\/fienta.com\/et\/tartu-valgusfestival-tava24-tartu-botaanikaaed?4aca822d4a0638bcd140a3cb681361ed&amp;fbclid=IwZXh0bgNhZW0CMTAAAR0hmGMSbO-HPqizKYUaUtIherXv66gmtlxFcVUQ-fTdMl0fVDGFToUTlsc_aem_Q0s9gVkBCZ3d080cu3v44g\" target=\"_blank\" rel=\"noopener\">Fientas<\/a> ja kohapeal.<\/p>\n<p>Lisateave:\u202f\u202fTartu \u00dclikooli loodusmuuseum ja botaanikaaed, tel 737 6076\u202f, loodusmuuseum@ut.ee, <a href=\"https:\/\/natmuseum.ut.ee\/et\" target=\"_blank\" rel=\"noopener\">www.natmuseum.ut.ee<\/a><\/p>\n","protected":false},"excerpt":{"rendered":"<p>Laup\u00e4eval, 9. novembril kell 18 toimub Tartu \u00dclikooli botaanikaaias loodus\u00f5htu. Valgusfestivali TAVA24 raames toimuval loodus\u00f5htul r\u00e4\u00e4gib loodusajakirjanik Kristel Vilbaste sellest, kuidas loodus talveks valmistub. Talve tulek on looduses alati eriline aeg, mil paljud elukad ja taimed valmistuvad k\u00fclmadeks kuudeks. S\u00fcgisel, kui p\u00e4evad j\u00e4\u00e4vad l\u00fchemaks ja temperatuurid madalamaks, algavad taimedel ja loomadel mitmed olulised muutused. Miks [&hellip;]<\/p>\n","protected":false},"author":20,"featured_media":151329,"comment_status":"open","ping_status":"open","sticky":false,"template":"","format":"standard","meta":{"_acf_changed":false,"footnotes":""},"categories":[202],"tags":[213],"class_list":["post-151328","post","type-post","status-publish","format-standard","has-post-thumbnail","hentry","category-uudis","tag-sundmused"],"acf":[],"_links":{"self":[{"href":"https:\/\/visittartu.com\/et\/wp-json\/wp\/v2\/posts\/151328","targetHints":{"allow":["GET"]}}],"collection":[{"href":"https:\/\/visittartu.com\/et\/wp-json\/wp\/v2\/posts"}],"about":[{"href":"https:\/\/visittartu.com\/et\/wp-json\/wp\/v2\/types\/post"}],"author":[{"embeddable":true,"href":"https:\/\/visittartu.com\/et\/wp-json\/wp\/v2\/users\/20"}],"replies":[{"embeddable":true,"href":"https:\/\/visittartu.com\/et\/wp-json\/wp\/v2\/comments?post=151328"}],"version-history":[{"count":1,"href":"https:\/\/visittartu.com\/et\/wp-json\/wp\/v2\/posts\/151328\/revisions"}],"predecessor-version":[{"id":151345,"href":"https:\/\/visittartu.com\/et\/wp-json\/wp\/v2\/posts\/151328\/revisions\/151345"}],"wp:featuredmedia":[{"embeddable":true,"href":"https:\/\/visittartu.com\/et\/wp-json\/wp\/v2\/media\/151329"}],"wp:attachment":[{"href":"https:\/\/visittartu.com\/et\/wp-json\/wp\/v2\/media?parent=151328"}],"wp:term":[{"taxonomy":"category","embeddable":true,"href":"https:\/\/visittartu.com\/et\/wp-json\/wp\/v2\/categories?post=151328"},{"taxonomy":"post_tag","embeddable":true,"href":"https:\/\/visittartu.com\/et\/wp-json\/wp\/v2\/tags?post=151328"}],"curies":[{"name":"wp","href":"https:\/\/api.w.org\/{rel}","templated":true}]}}