 {"id":150694,"date":"2024-10-29T12:38:29","date_gmt":"2024-10-29T12:38:29","guid":{"rendered":"https:\/\/visittartu.com\/?p=150694"},"modified":"2024-10-29T12:38:29","modified_gmt":"2024-10-29T12:38:29","slug":"raekoja-kellad-mangivad-novembris-eriprogramme-hingedepaeva-ja-gustav-adolfi-paeva-auks","status":"publish","type":"post","link":"https:\/\/visittartu.com\/et\/raekoja-kellad-mangivad-novembris-eriprogramme-hingedepaeva-ja-gustav-adolfi-paeva-auks\/","title":{"rendered":"Raekoja kellad m\u00e4ngivad novembris eriprogramme hingedep\u00e4eva ja Gustav Adolfi p\u00e4eva auks"},"content":{"rendered":"<p><strong>Novembrikuu kellam\u00e4ngukavas on kaks eriprogrammi. Temaatiline muusika k\u00f5lab nii 2. novembril hingedep\u00e4eval kui ka 6. novembril Gustav Adolfi p\u00e4eval.<\/strong><\/p>\n<p><strong>Novembri kellam\u00e4ngukava:<\/strong><\/p>\n<p>9.00 &#8220;Tartu kellad&#8221; (Olav Ehala)<br \/>\n12.00 &#8220;Plaisir d\u00b4amour&#8221; (Martini il Tedesco)<br \/>\n15.00 &#8220;Tartu kellad&#8221; (Olav Ehala)<br \/>\n18.00 &#8220;Plaisir d\u00b4amour&#8221; (Martini il Tedesco)<br \/>\n21.00 &#8220;H\u00e4llilaul&#8221; (Johannes Brahms)<\/p>\n<p><strong>2. november hingedep\u00e4ev:<\/strong><\/p>\n<p>9.00 &#8220;Tartu kellad&#8221; (Olav Ehala)<br \/>\n12.00 &#8220;Eks teie tea&#8221; (Rudolf Tobias)<br \/>\n15.00 &#8220;Eks teie tea&#8221;<br \/>\n18.00 &#8220;Eks teie tea&#8221;<br \/>\n21.00 &#8220;H\u00e4llilaul&#8221; (Johannes Brahms)<\/p>\n<p>Hingedep\u00e4ev 2. novembril on aeg, mil m\u00e4lestatakse lahkunud l\u00e4hedasi ja s\u00fc\u00fcdatakse nende auks k\u00fc\u00fcnlaid. Kellam\u00e4ngu eriprogramm toob esile selle p\u00e4eva erilise t\u00e4henduse, et meenutada soojade tunnetega meie seast lahkunuid.<br \/>\n6. november Gustav Adolfi p\u00e4ev:<\/p>\n<p>12.00, 15.00, 18.00 &#8220;Bereden v\u00e4g f\u00f6r Herran&#8221; (Rootsi rahvaviis)<\/p>\n<p>6. novembril t\u00e4histatakse Tartu \u00dclikooli asutaja Gustav Adolfi p\u00e4eva. 6. novembril 1632. aastal langes Gustav II Adolf L\u00fctzeni lahingus. Sel p\u00e4eval k\u00f5lab vanal Rootsi rahvaviisil p\u00f5hinev koraal &#8220;Bereden v\u00e4g f\u00f6r Herran&#8221;, mis on Eesti kiriku laulraamatus tuntud pealkirjaga &#8220;Et Kristust vastu v\u00f5tta&#8221;. T\u00dc Skandinavistika osakonna eestvedamisel t\u00e4histatakse Rootsi kuningale ja Eesti rahvus\u00fclikooli rajajale Gustav Adolfile p\u00fchendatud p\u00e4eva alates 2010. aastast.<\/p>\n<p>Lisainfo: Tartu raekoja kellam\u00e4ngu projektijuht Merle Kollom, tel 521 6996<\/p>\n","protected":false},"excerpt":{"rendered":"<p>Novembrikuu kellam\u00e4ngukavas on kaks eriprogrammi. Temaatiline muusika k\u00f5lab nii 2. novembril hingedep\u00e4eval kui ka 6. novembril Gustav Adolfi p\u00e4eval. Novembri kellam\u00e4ngukava: 9.00 &#8220;Tartu kellad&#8221; (Olav Ehala) 12.00 &#8220;Plaisir d\u00b4amour&#8221; (Martini il Tedesco) 15.00 &#8220;Tartu kellad&#8221; (Olav Ehala) 18.00 &#8220;Plaisir d\u00b4amour&#8221; (Martini il Tedesco) 21.00 &#8220;H\u00e4llilaul&#8221; (Johannes Brahms) 2. november hingedep\u00e4ev: 9.00 &#8220;Tartu kellad&#8221; (Olav Ehala) [&hellip;]<\/p>\n","protected":false},"author":9,"featured_media":150695,"comment_status":"open","ping_status":"open","sticky":false,"template":"","format":"standard","meta":{"_acf_changed":false,"footnotes":""},"categories":[202],"tags":[213],"class_list":["post-150694","post","type-post","status-publish","format-standard","has-post-thumbnail","hentry","category-uudis","tag-sundmused"],"acf":[],"_links":{"self":[{"href":"https:\/\/visittartu.com\/et\/wp-json\/wp\/v2\/posts\/150694","targetHints":{"allow":["GET"]}}],"collection":[{"href":"https:\/\/visittartu.com\/et\/wp-json\/wp\/v2\/posts"}],"about":[{"href":"https:\/\/visittartu.com\/et\/wp-json\/wp\/v2\/types\/post"}],"author":[{"embeddable":true,"href":"https:\/\/visittartu.com\/et\/wp-json\/wp\/v2\/users\/9"}],"replies":[{"embeddable":true,"href":"https:\/\/visittartu.com\/et\/wp-json\/wp\/v2\/comments?post=150694"}],"version-history":[{"count":1,"href":"https:\/\/visittartu.com\/et\/wp-json\/wp\/v2\/posts\/150694\/revisions"}],"predecessor-version":[{"id":150699,"href":"https:\/\/visittartu.com\/et\/wp-json\/wp\/v2\/posts\/150694\/revisions\/150699"}],"wp:featuredmedia":[{"embeddable":true,"href":"https:\/\/visittartu.com\/et\/wp-json\/wp\/v2\/media\/150695"}],"wp:attachment":[{"href":"https:\/\/visittartu.com\/et\/wp-json\/wp\/v2\/media?parent=150694"}],"wp:term":[{"taxonomy":"category","embeddable":true,"href":"https:\/\/visittartu.com\/et\/wp-json\/wp\/v2\/categories?post=150694"},{"taxonomy":"post_tag","embeddable":true,"href":"https:\/\/visittartu.com\/et\/wp-json\/wp\/v2\/tags?post=150694"}],"curies":[{"name":"wp","href":"https:\/\/api.w.org\/{rel}","templated":true}]}}