 {"id":150385,"date":"2024-10-28T11:04:50","date_gmt":"2024-10-28T11:04:50","guid":{"rendered":"https:\/\/visittartu.com\/?p=150385"},"modified":"2024-10-28T11:06:12","modified_gmt":"2024-10-28T11:06:12","slug":"eesti-rahva-muuseumis-kohtuvad-parandamise-taaskasutuse-ja-argise-leiutamise-eksperdid","status":"publish","type":"post","link":"https:\/\/visittartu.com\/et\/eesti-rahva-muuseumis-kohtuvad-parandamise-taaskasutuse-ja-argise-leiutamise-eksperdid\/","title":{"rendered":"Eesti Rahva Muuseumis kohtuvad parandamise ja taaskasutuse eksperdid"},"content":{"rendered":"<p><strong>30. oktoobrist 2. novembrini toimub ERMis rahvusvaheline konverents \u201eJ\u00e4tkusuutlikkus praktikas: isetegemine, parandamine, taaskasutus ja innovatsioon\u201d. Tartusse kogunevad 83 esinejat rohkem kui 15 riigist Euroopast ja kaugemaltki.<\/strong><\/p>\n<p>Rahvusvaheline konverents heidab valgust parandamisele, taaskasutusele ja argisele leiutamisele nii minevikus kui ka t\u00e4nap\u00e4eval, mis on osa j\u00e4tkusuutlikust tarbimiskultuurist. Kliimakriisi tingimustes otsitakse konverentsil n\u00e4iteid ja \u00f5ppetunde kultuuri ja ajaloo kujundatud s\u00e4\u00e4stlikest tegevusviisidest, millel v\u00f5ib olla oma roll kestlikuma tuleviku loomisel.<\/p>\n<p>Konverentsi peakorraldaja, ERMi teadur Tenno Teidearu toob v\u00e4lja, et j\u00e4tkusuutlik eluviis on minevikus olnud tavap\u00e4rane tarbimiskultuuri osa mitmetes kultuurides, sh ka l\u00e4\u00e4nemaailmas. Kuid t\u00e4nap\u00e4eva heaolu\u00fchiskonnas on need v\u00e4\u00e4rtused kaotanud oma keskse rolli. \u201eKonverents toob kokku teadlased ja spetsialistid paljudest riikidest ja regioonidest, et tutvustada traditsioonilisi j\u00e4tkusuutlikke tegevusviise ning uusi kogukondlikke ettev\u00f5tmisi, mis l\u00e4htuvad ringmajanduse p\u00f5him\u00f5tetest ja kultuurip\u00e4randist.\u201d<\/p>\n<p>Konverentsil osalejad saavad nelja p\u00e4eva jooksul kuulata ettekandeid, mis lahkavad isetegemist ja innovatsiooni l\u00e4bi aegade ning v\u00f5tta osa t\u00f6\u00f6tubadest ja tuuridest. Lisaks kultuuriteadlastele ja muuseumispetsialistidele jagavad oma teadmisi ka k\u00e4sit\u00f6\u00f6teadlased, disainerid ning muutuste eestvedajad. Konverentsi plenaarettekandeid peavad Cornelli \u00dclikooli professor Steven J. Jackson USA-st ning Andr\u00e9s Bello \u00dclikooli professor Tom\u00e1s Err\u00e1zuriz ja San Sebasti\u00e1ni \u00dclikooli professor Ricardo Greene T\u0161iilist.<\/p>\n<p>S\u00fcndmuse akadeemiline programm toimub 31. oktoobril ja 1. novembril Eesti Rahva Muuseumis. Tervikprogramm sisaldab ka n\u00e4ituse \u201ePeedist pesumasin\u201d k\u00fclastust 30. oktoobril ning 2. novembril tuure Tartu avalikesse parandust\u00f6\u00f6kodadesse, kogukonnaeda ja toidujagamise v\u00f5rgustikuga tutvumist. Lisaks saab konverentsi raames 2. novembril vaadata Elektriteatris dokumentaalfilmide eriseanssi ja osaleda arutelul. Linastuvad Islandi film \u201eEmpathfridges\u201c, mis r\u00e4\u00e4gib toidujagamisest, ja Eesti film \u201eHomme saabub paradiis\u201c, mis keskendub pr\u00fcgikastist toidu p\u00e4\u00e4stmisele.<\/p>\n<p>1. oktoobrist on muuseumi A-fuajees avatud tasuta n\u00e4itus \u201eIgap\u00e4evane kasutus\u201c, mis vaatleb ajalehtede koduse taaskasutuse peaaegu piirituid viise. K\u00fclastajatel on v\u00f5imalik v\u00f5rrelda, kas ja kuidas erinevad meie ajalehe taaskasutamise viisid teisel pool maakera asuvast T\u0161iilist.<\/p>\n<p>28. oktoobril on viimast p\u00e4eva m\u00fc\u00fcgil konverentsi <a href=\"https:\/\/sustainability2024.publicon.ee\/\" target=\"_blank\" rel=\"noopener\">veebipiletid<\/a>.<\/p>\n<p>Programm ja rohkem infot konverentsi <a href=\"https:\/\/enmconferences.ee\/sustainability-2024\" target=\"_blank\" rel=\"noopener\">kodulehel<\/a>.<\/p>\n<p>N\u00e4itus on leitav <a href=\"https:\/\/www.erm.ee\/et\/-igapaevane-kasutus\" target=\"_blank\" rel=\"noopener\">siit<\/a>.<\/p>\n<p>Filmiprogramm on leitav <a href=\"https:\/\/elektriteater.ee\/filmid\/jatkusuutlikkus-praktikas-dokumentaalfilmid\/\" target=\"_blank\" rel=\"noopener\">siit<\/a>.<\/p>\n<p>Konverentsi korraldab Eesti Rahva Muuseum koost\u00f6\u00f6s n\u00e4ituseprojektiga \u201ePeedist pesumasin\u201c, mida kureerivad Eesti Maanteemuuseum, Eesti P\u00f5llumajandusmuuseum ja Tartu Linnamuuseum. Konverents ja n\u00e4itus on osa Euroopa kultuuripealinna Tartu 2024 programmist.<\/p>\n<p>Lisainfo: Aivi J\u00fcrgenson, Kommunikatsiooni- ja turundusjuht, Tel 5866 7773<\/p>\n","protected":false},"excerpt":{"rendered":"<p>30. oktoobrist 2. novembrini toimub ERMis rahvusvaheline konverents \u201eJ\u00e4tkusuutlikkus praktikas: isetegemine, parandamine, taaskasutus ja innovatsioon\u201d. Tartusse kogunevad 83 esinejat rohkem kui 15 riigist Euroopast ja kaugemaltki. Rahvusvaheline konverents heidab valgust parandamisele, taaskasutusele ja argisele leiutamisele nii minevikus kui ka t\u00e4nap\u00e4eval, mis on osa j\u00e4tkusuutlikust tarbimiskultuurist. Kliimakriisi tingimustes otsitakse konverentsil n\u00e4iteid ja \u00f5ppetunde kultuuri ja ajaloo [&hellip;]<\/p>\n","protected":false},"author":9,"featured_media":150386,"comment_status":"open","ping_status":"open","sticky":false,"template":"","format":"standard","meta":{"_acf_changed":false,"footnotes":""},"categories":[202],"tags":[251],"class_list":["post-150385","post","type-post","status-publish","format-standard","has-post-thumbnail","hentry","category-uudis","tag-konverents"],"acf":[],"_links":{"self":[{"href":"https:\/\/visittartu.com\/et\/wp-json\/wp\/v2\/posts\/150385","targetHints":{"allow":["GET"]}}],"collection":[{"href":"https:\/\/visittartu.com\/et\/wp-json\/wp\/v2\/posts"}],"about":[{"href":"https:\/\/visittartu.com\/et\/wp-json\/wp\/v2\/types\/post"}],"author":[{"embeddable":true,"href":"https:\/\/visittartu.com\/et\/wp-json\/wp\/v2\/users\/9"}],"replies":[{"embeddable":true,"href":"https:\/\/visittartu.com\/et\/wp-json\/wp\/v2\/comments?post=150385"}],"version-history":[{"count":2,"href":"https:\/\/visittartu.com\/et\/wp-json\/wp\/v2\/posts\/150385\/revisions"}],"predecessor-version":[{"id":150391,"href":"https:\/\/visittartu.com\/et\/wp-json\/wp\/v2\/posts\/150385\/revisions\/150391"}],"wp:featuredmedia":[{"embeddable":true,"href":"https:\/\/visittartu.com\/et\/wp-json\/wp\/v2\/media\/150386"}],"wp:attachment":[{"href":"https:\/\/visittartu.com\/et\/wp-json\/wp\/v2\/media?parent=150385"}],"wp:term":[{"taxonomy":"category","embeddable":true,"href":"https:\/\/visittartu.com\/et\/wp-json\/wp\/v2\/categories?post=150385"},{"taxonomy":"post_tag","embeddable":true,"href":"https:\/\/visittartu.com\/et\/wp-json\/wp\/v2\/tags?post=150385"}],"curies":[{"name":"wp","href":"https:\/\/api.w.org\/{rel}","templated":true}]}}