 {"id":148317,"date":"2024-10-09T13:07:50","date_gmt":"2024-10-09T13:07:50","guid":{"rendered":"https:\/\/visittartu.com\/?p=148317"},"modified":"2026-01-26T09:53:15","modified_gmt":"2026-01-26T09:53:15","slug":"turismiasjalised-on-oodatud-tahistama-turismilugu-tartus-ja-louna-eestis","status":"publish","type":"post","link":"https:\/\/visittartu.com\/et\/turismiasjalised-on-oodatud-tahistama-turismilugu-tartus-ja-louna-eestis\/","title":{"rendered":"Turismiasjalised on oodatud t\u00e4histama turismilugu Tartus ja L\u00f5una-Eestis"},"content":{"rendered":"<p><strong>7. novembril t\u00e4histavad turismiasjalised <\/strong><strong>veerandsaja aasta pikkust turismilugu Tartus ja L\u00f5una-Eestis. <\/strong>\u00dclenurme g\u00fcmnaasiumis toimuva turismiseminari ja piduliku gala l\u00e4biv s\u00f5num on &#8220;Reis l\u00e4bi L\u00f5una-Eesti&#8221;.<\/p>\n<p>25 aastat tagasi l\u00f5id Tartu linnavalitsus ja Tartumaa omavalitsuste liit sihtasutuse Tartumaa Turism. 2021. aastast on sihtasutuse all toimetamas ka L\u00f5una-Eesti turismiklaster. T\u00e4htp\u00e4eva puhul meenutatakse \u00fcheskoos tehtut ja samal ajal kiigatakse ka turismivaldkonna tulevikku Tartus ja L\u00f5una-Eestis.<\/p>\n<p>Pidup\u00e4ev algab kell 15 L\u00f5una-Eesti turismiseminariga. Seminar on k\u00f5ikidele osalejatele tasuta, kuid vajalik on eelregistreerimine.<\/p>\n<p><strong>Turismiseminari kava:<br \/>\n<\/strong><\/p>\n<p>15.00-15.30 &#8211; kogunemine ja registreerimine, tervituskohv;<br \/>\n15.30-15.45 &#8211; seminari avamine;<br \/>\n15.45-16.15 &#8211; K\u00fclli Kraner (MKM) tutvustab turismi pikka vaadet;<br \/>\n16.15-16.45 &#8211; Kristel Peikel k\u00f5neleb Hiiumaa turismiklasri eduloost;<br \/>\n16.45-17.30 &#8211; panelistide ettekanded (<span data-teams=\"true\"><span class=\"ui-provider a b c d e f g h i j k l m n o p q r s t u v w x y z ab ac ae af ag ah ai aj ak\" dir=\"ltr\">Rally Estonia- Tarmo H\u00f5be, Tartu 2024- Marili Vihmann, Orangetime- Mikk Puurmann<\/span><\/span>);<br \/>\n17.30-18.00 &#8211; paneeldiskussioon;<br \/>\n18.00-18.30 &#8211; taaskohtumised, <em>networking;<\/em>\u00a0avatud on <em>check-in\u00a0<\/em>\u00f5htuse gala piletiomanikele.<\/p>\n<p>Turismiseminarile j\u00e4rgneb <strong>pidulik gala\u00f5htu<\/strong> koos taaskohtumiste ja meeleoluka r\u00e4nnakuga l\u00e4bi Tartu, Tartumaa ja L\u00f5una-Eesti. Gala<span class=\"NormalTextRun SCXW18468918 BCX8\">le kogunemine algab 18.30, programmiga alustatakse kell 19 ja pidu kestab kuni s\u00fcda\u00f6\u00f6ni. L\u00f5una-Eesti turismiklaster koost\u00f6\u00f6s V\u00e4rska kuurortravikeskusega annab \u00fcle <strong>Vello Saare nimelise turismitunnustuse<\/strong>. \u00d5htu jooksul saab nautida<\/span>\u00a0<span class=\"NormalTextRun SpellingErrorV2Themed SCXW18468918 BCX8\">\u00f5htus\u00f6\u00f6ki<\/span><span class=\"NormalTextRun SCXW18468918 BCX8\">, <\/span><span class=\"NormalTextRun SpellingErrorV2Themed SCXW18468918 BCX8\">p\u00f5nevaid<\/span> <span class=\"NormalTextRun SpellingErrorV2Themed SCXW18468918 BCX8\">etteasteid ning <strong>meeleolukat Zetode kontserti<\/strong><\/span><span class=\"NormalTextRun SCXW18468918 BCX8\">. Lisaks on kohapeal ka baar, kust saab \u00f5htu jooksul maitsvaid jooke soetada.<\/span><\/p>\n<p><span data-contrast=\"none\"><a href=\"https:\/\/fienta.com\/et\/tartumaa-turism-25-aastapaev-reis-labi-louna-eesti\" target=\"_blank\" rel=\"noopener\">Siin lingil<\/a> saab registreeruda tasuta seminarile ning samuti osta pileteid \u00f5htusele pidulikule galale.<\/span><\/p>\n<p><em>Lisainfo: Mare-Liis Kanarik, turunduse projektijuht, mareliis.kanarik@visittartu.com, 5384 6945. <\/em><\/p>\n","protected":false},"excerpt":{"rendered":"<p>7. novembril t\u00e4histavad turismiasjalised veerandsaja aasta pikkust turismilugu Tartus ja L\u00f5una-Eestis. \u00dclenurme g\u00fcmnaasiumis toimuva turismiseminari ja piduliku gala l\u00e4biv s\u00f5num on &#8220;Reis l\u00e4bi L\u00f5una-Eesti&#8221;. 25 aastat tagasi l\u00f5id Tartu linnavalitsus ja Tartumaa omavalitsuste liit sihtasutuse Tartumaa Turism. 2021. aastast on sihtasutuse all toimetamas ka L\u00f5una-Eesti turismiklaster. T\u00e4htp\u00e4eva puhul meenutatakse \u00fcheskoos tehtut ja samal ajal kiigatakse [&hellip;]<\/p>\n","protected":false},"author":3,"featured_media":148310,"comment_status":"closed","ping_status":"closed","sticky":false,"template":"","format":"standard","meta":{"_acf_changed":false,"footnotes":""},"categories":[202],"tags":[251,1581,226],"class_list":["post-148317","post","type-post","status-publish","format-standard","has-post-thumbnail","hentry","category-uudis","tag-konverents","tag-professionaal","tag-louna-eesti-turismiklaster"],"acf":[],"_links":{"self":[{"href":"https:\/\/visittartu.com\/et\/wp-json\/wp\/v2\/posts\/148317","targetHints":{"allow":["GET"]}}],"collection":[{"href":"https:\/\/visittartu.com\/et\/wp-json\/wp\/v2\/posts"}],"about":[{"href":"https:\/\/visittartu.com\/et\/wp-json\/wp\/v2\/types\/post"}],"author":[{"embeddable":true,"href":"https:\/\/visittartu.com\/et\/wp-json\/wp\/v2\/users\/3"}],"replies":[{"embeddable":true,"href":"https:\/\/visittartu.com\/et\/wp-json\/wp\/v2\/comments?post=148317"}],"version-history":[{"count":5,"href":"https:\/\/visittartu.com\/et\/wp-json\/wp\/v2\/posts\/148317\/revisions"}],"predecessor-version":[{"id":150144,"href":"https:\/\/visittartu.com\/et\/wp-json\/wp\/v2\/posts\/148317\/revisions\/150144"}],"wp:featuredmedia":[{"embeddable":true,"href":"https:\/\/visittartu.com\/et\/wp-json\/wp\/v2\/media\/148310"}],"wp:attachment":[{"href":"https:\/\/visittartu.com\/et\/wp-json\/wp\/v2\/media?parent=148317"}],"wp:term":[{"taxonomy":"category","embeddable":true,"href":"https:\/\/visittartu.com\/et\/wp-json\/wp\/v2\/categories?post=148317"},{"taxonomy":"post_tag","embeddable":true,"href":"https:\/\/visittartu.com\/et\/wp-json\/wp\/v2\/tags?post=148317"}],"curies":[{"name":"wp","href":"https:\/\/api.w.org\/{rel}","templated":true}]}}