 {"id":148139,"date":"2024-10-07T09:21:29","date_gmt":"2024-10-07T09:21:29","guid":{"rendered":"https:\/\/visittartu.com\/?p=148139"},"modified":"2024-10-07T09:21:29","modified_gmt":"2024-10-07T09:21:29","slug":"art-allmagi-ja-katrin-piile-uhisnaitus-tartu-kunstimajas","status":"publish","type":"post","link":"https:\/\/visittartu.com\/et\/art-allmagi-ja-katrin-piile-uhisnaitus-tartu-kunstimajas\/","title":{"rendered":"Art Allm\u00e4gi ja Katrin Piile \u00fchisn\u00e4itus Tartu Kunstimajas"},"content":{"rendered":"<p><strong>Reedel, 11. oktoobril kell 17 avatakse Tartu Kunstimaja suures saalis Art Allm\u00e4gi ja Katrin Piile \u00fchisn\u00e4itus \u201eS\u00fcmbioos\u201d.<\/strong><\/p>\n<p>Avatav n\u00e4itus on kunstnike koost\u00f6\u00f6 kolmas ja viimane n\u00e4itus, kus kunstimaailma p\u00fcha kolmainsus \u2013 autor, idee, teos \u2013 on t\u00f5stetud uurimisobjektiks.<\/p>\n<p>\u00dchiste n\u00e4ituste seeria eesm\u00e4rgiks on olnud korrelatsioonip\u00f5him\u00f5ttel t\u00f6\u00f6tav loomeprotsess, kus on t\u00e4heldatav vastastikune m\u00f5ju. Osaliselt k\u00e4est antud v\u00f5imalus t\u00e4ielikult juhtida oma loomeprotsessi nihestab autori ja teose individuaalseid suhteid. Vastastikune loominguline peegeldus annab v\u00f5imaluse uurida maali- ja skulptuurimeediumile omaseid tahke, mis tasapinnaliselt ruumilisse (v\u00f5i vastupidi) suundudes lisanduvad v\u00f5i l\u00e4hevad kaduma.<\/p>\n<p>Koost\u00f6\u00f6 esimesel n\u00e4itusel oli Piile maalidel Allm\u00e4gi t\u00f6\u00f6dem\u00f5jutus\/peegeldus. Teise koost\u00f6\u00f6n\u00e4ituse eesm\u00e4rgiks oli luua kahel meediumil p\u00f5hinev v\u00e4ljapanek, mille visuaalne keel ja ideeline taust moodustaks tervikliku keskkonna, mis h\u00e4gustaks autorsuse piire. Et ring sulguks, on seeria viimasel n\u00e4itusel Allm\u00e4gi teosed m\u00f5jutatud Piile loomingust.<\/p>\n<p>Kunstimajas eksponeeritavate Piile t\u00f6\u00f6de tuumik p\u00e4rineb viimasest \u00fchisest koost\u00f6\u00f6projektist \u201eOrigami\u201d ning seal n\u00e4idatud teoste edasiarendustest. Allm\u00e4gi teosed t\u00f5ukuvad omakorda otseselt Piile eksponeeritavast. Samuti on Allm\u00e4gi oma t\u00f6\u00f6de valmistamisel v\u00f5tnud lisaks vormilistele viidetele \u00fcle ka meetodid, mida Piile on kasutanud oma varasemas loomingus. K\u00fcsimus on vaid, mis l\u00e4heb kaduma, mis j\u00e4\u00e4b alles ja mis lisandub?<\/p>\n<p>Art Allm\u00e4gi (s 1983) on skulptor ja installatsioonikunstnik. Ta on l\u00f5petanud Tartu K\u00f5rgema Kunstikooli skulptuuri eriala (BA) 2008 ja Eesti Kunstiakadeemia skulptuuri eriala (MA) 2011. N\u00e4itustel osaleb aastast 2005 ning isikn\u00e4itustega alustas 2012 aastal. Teda on autasustatud Kristjan Raua preemiaga (2018), Ado Vabbe preemiaga (2017) ja K\u00f6ler Prize\u2019i publikupreemiaga (2016). Ta on \u00fcks kunstnikupalga saaja aastatel 2023\u20122025.<\/p>\n<p>Katrin Piile (s 1987) on maalikunstnik ja joonistaja. 2010. aastal l\u00f5petas ta Eesti Kunstiakadeemia maalieriala. N\u00e4itustel on esinenud aastast 2006. 2019. aastast kuulub Eesti Maalikunstnike Liitu ja 2023. aastast Eesti Kunstnike Liitu.<\/p>\n<p>Tartu Kunstimaja n\u00e4itusetegevust toetavad Tartu Linnavalitsus ja Eesti Kultuurkapital. N\u00e4itus j\u00e4\u00e4b avatuks 10. novembrini. Tartu Kunstimaja (Vanemuise 26) on avatud K\u2013E 12\u201318. N\u00e4itused on tasuta.<\/p>\n<p><em>Lisainfo: Maret Tamme, Tartu Kunstimaja produtsent, produtsent@kunstimaja.ee, 5800 3882,\u00a0<a href=\"http:\/\/www.kunstimaja.ee\" target=\"_blank\" rel=\"noopener\">www.kunstimaja.ee<\/a><\/em><\/p>\n","protected":false},"excerpt":{"rendered":"<p>Reedel, 11. oktoobril kell 17 avatakse Tartu Kunstimaja suures saalis Art Allm\u00e4gi ja Katrin Piile \u00fchisn\u00e4itus \u201eS\u00fcmbioos\u201d. Avatav n\u00e4itus on kunstnike koost\u00f6\u00f6 kolmas ja viimane n\u00e4itus, kus kunstimaailma p\u00fcha kolmainsus \u2013 autor, idee, teos \u2013 on t\u00f5stetud uurimisobjektiks. \u00dchiste n\u00e4ituste seeria eesm\u00e4rgiks on olnud korrelatsioonip\u00f5him\u00f5ttel t\u00f6\u00f6tav loomeprotsess, kus on t\u00e4heldatav vastastikune m\u00f5ju. Osaliselt k\u00e4est antud [&hellip;]<\/p>\n","protected":false},"author":3,"featured_media":148140,"comment_status":"open","ping_status":"open","sticky":false,"template":"","format":"standard","meta":{"_acf_changed":false,"footnotes":""},"categories":[202],"tags":[260],"class_list":["post-148139","post","type-post","status-publish","format-standard","has-post-thumbnail","hentry","category-uudis","tag-naitus"],"acf":[],"_links":{"self":[{"href":"https:\/\/visittartu.com\/et\/wp-json\/wp\/v2\/posts\/148139","targetHints":{"allow":["GET"]}}],"collection":[{"href":"https:\/\/visittartu.com\/et\/wp-json\/wp\/v2\/posts"}],"about":[{"href":"https:\/\/visittartu.com\/et\/wp-json\/wp\/v2\/types\/post"}],"author":[{"embeddable":true,"href":"https:\/\/visittartu.com\/et\/wp-json\/wp\/v2\/users\/3"}],"replies":[{"embeddable":true,"href":"https:\/\/visittartu.com\/et\/wp-json\/wp\/v2\/comments?post=148139"}],"version-history":[{"count":1,"href":"https:\/\/visittartu.com\/et\/wp-json\/wp\/v2\/posts\/148139\/revisions"}],"predecessor-version":[{"id":148146,"href":"https:\/\/visittartu.com\/et\/wp-json\/wp\/v2\/posts\/148139\/revisions\/148146"}],"wp:featuredmedia":[{"embeddable":true,"href":"https:\/\/visittartu.com\/et\/wp-json\/wp\/v2\/media\/148140"}],"wp:attachment":[{"href":"https:\/\/visittartu.com\/et\/wp-json\/wp\/v2\/media?parent=148139"}],"wp:term":[{"taxonomy":"category","embeddable":true,"href":"https:\/\/visittartu.com\/et\/wp-json\/wp\/v2\/categories?post=148139"},{"taxonomy":"post_tag","embeddable":true,"href":"https:\/\/visittartu.com\/et\/wp-json\/wp\/v2\/tags?post=148139"}],"curies":[{"name":"wp","href":"https:\/\/api.w.org\/{rel}","templated":true}]}}