 {"id":148116,"date":"2024-10-07T07:49:11","date_gmt":"2024-10-07T07:49:11","guid":{"rendered":"https:\/\/visittartu.com\/?p=148116"},"modified":"2024-10-07T09:45:04","modified_gmt":"2024-10-07T09:45:04","slug":"mari-fruhlingi-naituse-tartu-kunstimajas","status":"publish","type":"post","link":"https:\/\/visittartu.com\/et\/mari-fruhlingi-naituse-tartu-kunstimajas\/","title":{"rendered":"Mari Fr\u00fchlingi n\u00e4itus Tartu Kunstimajas"},"content":{"rendered":"<p><strong>Reedel, 11. oktoobril kell 17. avatakse Tartu Kunstimaja v\u00e4ikeses saalis t\u00e4navuse hotell Pallas maalikunsti stipendiumi p\u00e4lvinud Mari Fr\u00fchlingu isikun\u00e4itus \u201eJagatud ruum\u201d.<\/strong><\/p>\n<p>N\u00e4itusel esitletud \u00f5limaalide seeria on kannustatud soovist elada tasakaalukamas \u00fchiskonnas, milles oskame rakendada empaatiat ka liikidele, kes ei suhtle inimkeeles, kuid kellega ometi peame ruumi jagama.<\/p>\n<p>Fr\u00fchlingu maalid on kui ruumid t\u00e4is \u00f5hku ja vaikust, v\u00f5imaldades m\u00f5testada oma suhet iseenda ja teistega. Oma maalidel k\u00f5rvutab kunstnik naist ja kana, asetades ennast s\u00fcmboolselt \u00fchte ruumi olendiga, kelle suhtes on olnud ignorantne. Ta peab seda oluliseks, sest kui v\u00e4heneks eba\u00f5iglus teiste liikide suhtes, v\u00e4heneks see loomulikul moel loodetavasti ka inimliigi sisestes suhted\u00fcnaamikates.<\/p>\n<p>Mari Fr\u00fchling m\u00f5tiskleb oma n\u00e4itusega Tartu 2024 Euroopa kultuuripealinna peateema \u00fcle \u2013 elluj\u00e4\u00e4mise kunstid. \u201cUsun, et \u00fcks oluline elluj\u00e4\u00e4mise eeldus on suutlikkus jagada ruumi nendega, keda me ei m\u00f5ista. Minu maalid on metafooriks inimese intellektuaalsele kultuuriruumile, sest ainu\u00fcksi meie argine keelekasutus kujundab uskumusi teiste inimeste ja teiste liikide kohta,\u201c selgitab kunstnik.<\/p>\n<p>Mari Fr\u00fchling (s 1984) \u00f5pib Tartu K\u00f5rgemas Kunstikoolis Pallas maalikunsti erialal. 2024. aastal p\u00e4lvis ta Hotell Pallas maalikunsti stipendiumi.<\/p>\n<p>SA Tartu Kultuurkapital, Hotell Pallas ja K\u00f5rgem Kunstikool Pallas koost\u00f6\u00f6s Tartu Kunstnike Liiduga asutasid hotell Pallase nimelise maalikunsti stipendiumi, aitamaks kaasa maalikunsti arengule ning \u00fcli\u00f5pilaste loomingulisele tegevusele. Stipendium m\u00e4\u00e4ratakse kutsutud konkursi korras Pallase maaliosakonna \u00fchele \u00fcli\u00f5pilasele v\u00f5i maksimaalselt kolmeliikmelisele grupile. V\u00f5itja p\u00e4lvib lisaks 1000 euro suurusele stipendiumile ka n\u00e4ituseaja Tartu Kunstimajas. Varem on stipendiumi saanud Mia Melanie Saar, Maris Paal, Caroliina Luhamets ja Hedi Kuhi.<\/p>\n<p>Kunstnik t\u00e4nab: K\u00f5rgem Kunstikool Pallas, Hotell Pallas, stipendiumikomisjoni liikmed, Tartu Kunstimaja, Kaspar Tamsalu ja Mati Foods.<\/p>\n<p><strong>Publikuprogramm<\/strong><br \/>\nReedel, 8. novembril kell 18.30 toimub n\u00e4itusel vestlus\u00f5htu kunstnikuga, mida modereerib inim- ja looma\u00f5iguste aktivist Kadri Sikk. Vestlus\u00f5htul arutletakse feminismi ja veganluse v\u00f5imalike seoste \u00fcle, sest just need sotsiaalse \u00f5igluse liikumised on maaliseeria loomist inspireerinud.<\/p>\n<p>N\u00e4itus j\u00e4\u00e4b avatuks 10. novembrini. Tartu Kunstimaja n\u00e4itusetegevust toetavad Tartu Linnavalitsus ja Eesti Kultuurkapital.<\/p>\n<p>Tartu Kunstimaja (Vanemuise 26) on avatud K\u2013E 12\u201318. N\u00e4itused on tasuta.<\/p>\n<p><em>Lisainfo: Maret Tamme, Tartu Kunstimaja produtsent, <a href=\"mailto:produtsent@kunstimaja.ee\" data-linkindex=\"0\">produtsent@kunstimaja.ee<\/a>, 5800 3882,\u00a0<a href=\"http:\/\/www.kunstimaja.ee\/\" data-auth=\"NotApplicable\" data-linkindex=\"1\" target=\"_blank\" rel=\"noopener\">www.kunstimaja.ee<\/a><\/em><\/p>\n","protected":false},"excerpt":{"rendered":"<p>Reedel, 11. oktoobril kell 17. avatakse Tartu Kunstimaja v\u00e4ikeses saalis t\u00e4navuse hotell Pallas maalikunsti stipendiumi p\u00e4lvinud Mari Fr\u00fchlingu isikun\u00e4itus \u201eJagatud ruum\u201d. N\u00e4itusel esitletud \u00f5limaalide seeria on kannustatud soovist elada tasakaalukamas \u00fchiskonnas, milles oskame rakendada empaatiat ka liikidele, kes ei suhtle inimkeeles, kuid kellega ometi peame ruumi jagama. Fr\u00fchlingu maalid on kui ruumid t\u00e4is \u00f5hku ja [&hellip;]<\/p>\n","protected":false},"author":3,"featured_media":148117,"comment_status":"open","ping_status":"open","sticky":false,"template":"","format":"standard","meta":{"_acf_changed":false,"footnotes":""},"categories":[202],"tags":[260],"class_list":["post-148116","post","type-post","status-publish","format-standard","has-post-thumbnail","hentry","category-uudis","tag-naitus"],"acf":[],"_links":{"self":[{"href":"https:\/\/visittartu.com\/et\/wp-json\/wp\/v2\/posts\/148116","targetHints":{"allow":["GET"]}}],"collection":[{"href":"https:\/\/visittartu.com\/et\/wp-json\/wp\/v2\/posts"}],"about":[{"href":"https:\/\/visittartu.com\/et\/wp-json\/wp\/v2\/types\/post"}],"author":[{"embeddable":true,"href":"https:\/\/visittartu.com\/et\/wp-json\/wp\/v2\/users\/3"}],"replies":[{"embeddable":true,"href":"https:\/\/visittartu.com\/et\/wp-json\/wp\/v2\/comments?post=148116"}],"version-history":[{"count":2,"href":"https:\/\/visittartu.com\/et\/wp-json\/wp\/v2\/posts\/148116\/revisions"}],"predecessor-version":[{"id":148151,"href":"https:\/\/visittartu.com\/et\/wp-json\/wp\/v2\/posts\/148116\/revisions\/148151"}],"wp:featuredmedia":[{"embeddable":true,"href":"https:\/\/visittartu.com\/et\/wp-json\/wp\/v2\/media\/148117"}],"wp:attachment":[{"href":"https:\/\/visittartu.com\/et\/wp-json\/wp\/v2\/media?parent=148116"}],"wp:term":[{"taxonomy":"category","embeddable":true,"href":"https:\/\/visittartu.com\/et\/wp-json\/wp\/v2\/categories?post=148116"},{"taxonomy":"post_tag","embeddable":true,"href":"https:\/\/visittartu.com\/et\/wp-json\/wp\/v2\/tags?post=148116"}],"curies":[{"name":"wp","href":"https:\/\/api.w.org\/{rel}","templated":true}]}}