 {"id":145665,"date":"2024-09-26T10:50:41","date_gmt":"2024-09-26T10:50:41","guid":{"rendered":"https:\/\/visittartu.com\/?p=145665"},"modified":"2024-10-02T07:20:52","modified_gmt":"2024-10-02T07:20:52","slug":"uued-naitused-ermis","status":"publish","type":"post","link":"https:\/\/visittartu.com\/et\/uued-naitused-ermis\/","title":{"rendered":"Uued n\u00e4itused ERMis"},"content":{"rendered":"<article>\n<div class=\"field field-name-body field-type-text-with-summary field-label-hidden\">\n<div class=\"field-items\">\n<div class=\"field-item even\">\n<p><strong>Eesti Rahva Muuseumis ajab \u00fcks uus n\u00e4itus teist taga. <\/strong><strong>Nii Eesti Rahva Muuseum Tartus kui ka ERMi Heimtali muuseum Viljandimaal \u00fcllatavad l\u00e4hiajal mitme uue n\u00e4itusega, mis r\u00e4\u00e4givad kas s\u00fcmbolite v\u00f5i luulekeeles, jutustavad eestimaalaste, taaskasutuse v\u00f5i rahvar\u00f5ivaste lugu v\u00f5i on esitatud ainulaadsel audiovisuaalsel moel.<\/strong><\/p>\n<p>Tartus tasub ikka ja j\u00e4lle sisse astuda p\u00fcsin\u00e4itusele \u201eKohtumised\u201c, mis pidevalt t\u00e4ieneb ja (taas)avastamisr\u00f5\u00f5mu pakub. Filmisaalis on endale juba koha leidnud Jaanus Samma n\u00e4itus \u201eVaikelud rahvuslikel motiividel\u201c, mis vaatleb rahvuslike mustrite ja kujundite kasutamist Eesti tarbekunstis ja -graafikas 1930.\u20131950. aastatel.<\/p>\n<p>N\u00e4itus \u201eVarjud helisevad. Muusikaline unesk\u00f5nd Alliksaare luulega\u201c on ERMi suure \u00f6\u00f6n\u00e4ituse juurde kuuluv kogemussaal, kus k\u00fclastaja saab avasilmi ringi k\u00f5ndides m\u00e4ngida killukestega sellest, mille ta muidu \u00f6\u00f6sel maha magab. Tegemist on 2024. aasta osalusn\u00e4ituste konkursilt v\u00e4lja valitud t\u00f6\u00f6ga ja v\u00e4ljapanek avab uksed 27. septembril. P\u00e4ev hiljem, laup\u00e4eval tasub sammud seada p\u00fcsin\u00e4ituse Teise maailmas\u00f5ja j\u00e4rgseid lugusid kajastavasse ossa \u201eParalleelilmad\u201c, mis saab juurde Ida-Virumaa kaevurite lood.<\/p>\n<p>1. oktoobrist on v\u00f5imalik muuseumi A-fuajees v\u00f5rrelda, kas ja kuidas erinevad meie ajalehe taaskasutamise viisid teisel pool maakera asuvast T\u0161iilist. N\u00e4itus \u201eIgap\u00e4evane kasutus\u201c vaatleb ajalehtede koduse taaskasutuse peaaegu piirituid viise.<\/p>\n<p>ERMi Heimtali muuseum on aga t\u00e4itunud rahvar\u00f5ivas\u00e4rkidega. See on hea v\u00f5imalus vaadelda s\u00e4rgikaunistusi v\u00e4ga l\u00e4hedalt ning saada infot s\u00e4rkide kandmise ja valmistamise kohta. 15. oktoobrist paneme aga k\u00fclalised k\u00e4ima n\u00f6\u00f6ri m\u00f6\u00f6da, v\u00e4hemalt pilguga, sest avame Heimtali rahvamajas kunstnik Anu Raua n\u00f6\u00f6rvaipade n\u00e4ituse.<\/p>\n<p>2024. aasta teise poolaasta tippn\u00e4ituseks ja Euroopa kultuuripealinn Tartu 2024 l\u00f5ppakordiks kujuneb maailmakuulsa jaapani audivisuaalse kunstniku ja helilooja Ryoji Ikeda isikun\u00e4itus, mis avatakse ERMi suures saalis 2. novembril. Samal p\u00e4eval k\u00f5lab ERMis Ryoji Ikeda ja Eesti Filharmoonia Kammerkoori \u00fchise heliteose maailma esmaettekanne T\u00f5nu Kaljuste juhatamisel.<\/p>\n<p>\u201eEesti bioandmetele tugineva kunsti ning Eesti Filharmoonia Kammerkoorile loodud teose kaudu toob Ikeda maailma ette selle, milles just Eesti on v\u00f5imas: teaduse ja kultuuri. Oleme uhked, et see saab teoks Tartus ja ERMis. Pole kahtlust, et selline koost\u00f6\u00f6 \u00e4ratab ka suurt rahvusvahelist huvi, mist\u00f5ttu ootame arvukalt k\u00fclastajaid nii kodu- kui ka v\u00e4lismaalt,\u201c \u00fctles ERMi direktor Kertu Saks.<\/p>\n<p>Ryoji Ikeda isikun\u00e4itust saab Eesti Rahva Muuseumis n\u00e4ha 2. novembrist kuni 2025. aasta 2. m\u00e4rtsini. N\u00e4itus ja kontsert on osa Euroopa kultuuripealinn Tartu 2024 p\u00f5hiprogrammist.<\/p>\n<\/div>\n<\/div>\n<\/div>\n<\/article>\n","protected":false},"excerpt":{"rendered":"<p>Eesti Rahva Muuseumis ajab \u00fcks uus n\u00e4itus teist taga. Nii Eesti Rahva Muuseum Tartus kui ka ERMi Heimtali muuseum Viljandimaal \u00fcllatavad l\u00e4hiajal mitme uue n\u00e4itusega, mis r\u00e4\u00e4givad kas s\u00fcmbolite v\u00f5i luulekeeles, jutustavad eestimaalaste, taaskasutuse v\u00f5i rahvar\u00f5ivaste lugu v\u00f5i on esitatud ainulaadsel audiovisuaalsel moel. Tartus tasub ikka ja j\u00e4lle sisse astuda p\u00fcsin\u00e4itusele \u201eKohtumised\u201c, mis pidevalt t\u00e4ieneb [&hellip;]<\/p>\n","protected":false},"author":9,"featured_media":145666,"comment_status":"open","ping_status":"open","sticky":false,"template":"","format":"standard","meta":{"_acf_changed":false,"footnotes":""},"categories":[202],"tags":[230,260],"class_list":["post-145665","post","type-post","status-publish","format-standard","has-post-thumbnail","hentry","category-uudis","tag-muuseum","tag-naitus"],"acf":[],"_links":{"self":[{"href":"https:\/\/visittartu.com\/et\/wp-json\/wp\/v2\/posts\/145665","targetHints":{"allow":["GET"]}}],"collection":[{"href":"https:\/\/visittartu.com\/et\/wp-json\/wp\/v2\/posts"}],"about":[{"href":"https:\/\/visittartu.com\/et\/wp-json\/wp\/v2\/types\/post"}],"author":[{"embeddable":true,"href":"https:\/\/visittartu.com\/et\/wp-json\/wp\/v2\/users\/9"}],"replies":[{"embeddable":true,"href":"https:\/\/visittartu.com\/et\/wp-json\/wp\/v2\/comments?post=145665"}],"version-history":[{"count":1,"href":"https:\/\/visittartu.com\/et\/wp-json\/wp\/v2\/posts\/145665\/revisions"}],"predecessor-version":[{"id":145672,"href":"https:\/\/visittartu.com\/et\/wp-json\/wp\/v2\/posts\/145665\/revisions\/145672"}],"wp:featuredmedia":[{"embeddable":true,"href":"https:\/\/visittartu.com\/et\/wp-json\/wp\/v2\/media\/145666"}],"wp:attachment":[{"href":"https:\/\/visittartu.com\/et\/wp-json\/wp\/v2\/media?parent=145665"}],"wp:term":[{"taxonomy":"category","embeddable":true,"href":"https:\/\/visittartu.com\/et\/wp-json\/wp\/v2\/categories?post=145665"},{"taxonomy":"post_tag","embeddable":true,"href":"https:\/\/visittartu.com\/et\/wp-json\/wp\/v2\/tags?post=145665"}],"curies":[{"name":"wp","href":"https:\/\/api.w.org\/{rel}","templated":true}]}}