 {"id":145609,"date":"2024-09-24T15:19:02","date_gmt":"2024-09-24T15:19:02","guid":{"rendered":"https:\/\/visittartu.com\/?p=145609"},"modified":"2026-01-26T14:53:17","modified_gmt":"2026-01-26T14:53:17","slug":"tartu-konverentsisaadikute-inspiratsioonikulastus","status":"publish","type":"post","link":"https:\/\/visittartu.com\/et\/tartu-konverentsisaadikute-inspiratsioonikulastus\/","title":{"rendered":"Tartu konverentsisaadikute inspiratsioonik\u00fclastus"},"content":{"rendered":"<p><strong>Tartu konverentsisaadikuklubi k\u00fclastas 17. septembril hubase Aparaaditehase p\u00f5nevaid majalisi.<\/strong><\/p>\n<p>P\u00e4eva alustati <a href=\"https:\/\/typa.ee\/\" target=\"_blank\" rel=\"noopener\">TYPA<\/a> tr\u00fcki- ja paberikunstikeskusest, kus iga osaleja meisterdas endale oman\u00e4olise m\u00e4rkmiku. Ello Varjas jagas kaasahaaravat kogemuslugu rahvusvahelise konverentsi <a href=\"https:\/\/typa.ee\/en\/typa-centre\/aepm2024\/\" target=\"_blank\" rel=\"noopener\">AEPM 2024 \u2013 Annual conference of the Association of European Printing Museums<\/a> korraldamisest. Seej\u00e4rel p\u00fchendas <a href=\"https:\/\/www.peninuki.ee\/\" target=\"_blank\" rel=\"noopener\">Peninuki Distillery<\/a> k\u00fclalisi k\u00e4sit\u00f6\u00f6d\u017einni valmistamise saladustesse ja <a href=\"https:\/\/www.aparaaditehas.ee\/et\" target=\"_blank\" rel=\"noopener\">Aparaaditehase<\/a> tegevjuht Erki Pruul r\u00e4\u00e4kis muredest ja r\u00f5\u00f5mudest rahvusvahelise konverentsi <a href=\"https:\/\/www.teh.net\/events\/teh-conference-97-in-tartu\/\" target=\"_blank\" rel=\"noopener\">TEH 97 Conference Arts of Survival<\/a> korraldamisel.<\/p>\n<p>M\u00f5lemad kohad ootavad k\u00f5iki enda juurde <em>team-building&#8217;<\/em>u tegevusi l\u00e4bi viima.<\/p>\n<p><em>Lisainfo: Merje Laimets, \u00e4ri- ja konverentsiturismi spetsialist, +372 5564 9706, merje.laimets@visittartu.com<\/em><\/p>\n<p>&nbsp;<\/p>\n","protected":false},"excerpt":{"rendered":"<p>Tartu konverentsisaadikuklubi k\u00fclastas 17. septembril hubase Aparaaditehase p\u00f5nevaid majalisi. P\u00e4eva alustati TYPA tr\u00fcki- ja paberikunstikeskusest, kus iga osaleja meisterdas endale oman\u00e4olise m\u00e4rkmiku. Ello Varjas jagas kaasahaaravat kogemuslugu rahvusvahelise konverentsi AEPM 2024 \u2013 Annual conference of the Association of European Printing Museums korraldamisest. Seej\u00e4rel p\u00fchendas Peninuki Distillery k\u00fclalisi k\u00e4sit\u00f6\u00f6d\u017einni valmistamise saladustesse ja Aparaaditehase tegevjuht Erki Pruul [&hellip;]<\/p>\n","protected":false},"author":3,"featured_media":145616,"comment_status":"closed","ping_status":"closed","sticky":false,"template":"","format":"standard","meta":{"_acf_changed":false,"footnotes":""},"categories":[202],"tags":[1012,1581],"class_list":["post-145609","post","type-post","status-publish","format-standard","has-post-thumbnail","hentry","category-uudis","tag-konverentsisaadikud","tag-professionaal"],"acf":[],"_links":{"self":[{"href":"https:\/\/visittartu.com\/et\/wp-json\/wp\/v2\/posts\/145609","targetHints":{"allow":["GET"]}}],"collection":[{"href":"https:\/\/visittartu.com\/et\/wp-json\/wp\/v2\/posts"}],"about":[{"href":"https:\/\/visittartu.com\/et\/wp-json\/wp\/v2\/types\/post"}],"author":[{"embeddable":true,"href":"https:\/\/visittartu.com\/et\/wp-json\/wp\/v2\/users\/3"}],"replies":[{"embeddable":true,"href":"https:\/\/visittartu.com\/et\/wp-json\/wp\/v2\/comments?post=145609"}],"version-history":[{"count":4,"href":"https:\/\/visittartu.com\/et\/wp-json\/wp\/v2\/posts\/145609\/revisions"}],"predecessor-version":[{"id":233250,"href":"https:\/\/visittartu.com\/et\/wp-json\/wp\/v2\/posts\/145609\/revisions\/233250"}],"wp:featuredmedia":[{"embeddable":true,"href":"https:\/\/visittartu.com\/et\/wp-json\/wp\/v2\/media\/145616"}],"wp:attachment":[{"href":"https:\/\/visittartu.com\/et\/wp-json\/wp\/v2\/media?parent=145609"}],"wp:term":[{"taxonomy":"category","embeddable":true,"href":"https:\/\/visittartu.com\/et\/wp-json\/wp\/v2\/categories?post=145609"},{"taxonomy":"post_tag","embeddable":true,"href":"https:\/\/visittartu.com\/et\/wp-json\/wp\/v2\/tags?post=145609"}],"curies":[{"name":"wp","href":"https:\/\/api.w.org\/{rel}","templated":true}]}}