 {"id":106993,"date":"2024-08-29T11:24:38","date_gmt":"2024-08-29T11:24:38","guid":{"rendered":"https:\/\/visittartu.com\/?p=106993"},"modified":"2024-08-29T11:24:38","modified_gmt":"2024-08-29T11:24:38","slug":"sel-nadalavahetusel-toimub-aparaaditehase-festival","status":"publish","type":"post","link":"https:\/\/visittartu.com\/et\/sel-nadalavahetusel-toimub-aparaaditehase-festival\/","title":{"rendered":"Sel n\u00e4dalavahetusel toimub Aparaaditehase festival"},"content":{"rendered":"<article>\n<div class=\"field field-name-body field-type-text-with-summary field-label-hidden\">\n<div class=\"field-items\">\n<div class=\"field-item even\">\n<p><strong>\u00dcheksas Aparaaditehase festival t\u00e4histab k\u00fcmmet aastat kultuuritehast.<\/strong><\/p>\n<p>Augustikuu viimasel n\u00e4dalavahetusel l\u00f6\u00f6b elu Kastani-Filosoofi kvartalis taaskord kihama, sest toimub j\u00e4rjekorras juba \u00fcheksas Aparaaditehase festival, mis kutsub avastama nii juubelit t\u00e4histavat kultuuritehast kui naabruskonda laiemalt.<\/p>\n<p><strong>Reedel, 30. augustil\u00a0<\/strong>toimub mahuka programmiga Galeriide \u00f6\u00f6, kus on lisaks galeriidele avatud ka kunstistuudiote ja teistegi Aparaaditehase majaliste uksed. Galeriide \u00f6\u00f6 vol 13 raames on k\u00fclastajatel v\u00f5imalik seekord saada osa kaheksa n\u00e4ituse avamisest, viiest erinevast tuurist, katusel toimuvast tantsuperformance\u2019ist ja mitmest p\u00f5nevast t\u00f6\u00f6toast ning vestlusest. Taskupargis hoiavad meeleolu \u00fcleval Biit.me DJ-d ja avatud on ka pop-up plaadipood.<\/p>\n<p><strong>Laup\u00e4eval, 31. augustil\u00a0<\/strong>suletakse Kastani t\u00e4nav autoliiklusele ning seal v\u00f5tavad koha sisse M\u00fc\u00fcrilille t\u00e4ika kauplejad ja t\u00e4navatoitlustajad. Aparaaditehase taskupargis on avatud Karud &amp; Pojad kunsti- ja m\u00e4nguhoov peredele, kus saab nii meisterdada kui m\u00e4ngida. Ajuokse alternatiivkunsti turg on sel aastal suurem kui kunagi varem ja voolab lisaks Samelini hoovialale otsapidi ka Plantariumi taimepoodi, kus toimub lisaks ka traditsiooniline taimet\u00e4ika. Laup\u00e4eva \u00f5htu l\u00f5petab Ajuokse V: s\u00fcnnafestival, mille raames astuvad Ajukse Avangaari juures \u00fcles motonormal, Valge T\u00fcdruk, G\u00d8K2, ants1, Kalli Talonpoika and the Sunshine Band<\/p>\n<p>Galeriide \u00f6\u00f6 vol 13\u00a0<a href=\"https:\/\/www.aparaaditehas.ee\/uritused\/galeriide-oo-vol-13-aparaaditehase-festivali-eri\" target=\"_blank\" rel=\"noopener\">programm<\/a>.<\/p>\n<p>Aparaaditehase festival 2024\u00a0<a href=\"https:\/\/www.aparaaditehas.ee\/uritused\/aparaaditehase-festival-2024-juubeli-spetsiaal\" target=\"_blank\" rel=\"noopener\">programm<\/a>.<br \/>\nApraaditehase festival\u00a0<a href=\"https:\/\/www.facebook.com\/events\/1528538504745282\" target=\"_blank\" rel=\"noopener\">Facebookis<\/a>.<\/p>\n<\/div>\n<\/div>\n<\/div>\n<\/article>\n","protected":false},"excerpt":{"rendered":"<p>\u00dcheksas Aparaaditehase festival t\u00e4histab k\u00fcmmet aastat kultuuritehast. Augustikuu viimasel n\u00e4dalavahetusel l\u00f6\u00f6b elu Kastani-Filosoofi kvartalis taaskord kihama, sest toimub j\u00e4rjekorras juba \u00fcheksas Aparaaditehase festival, mis kutsub avastama nii juubelit t\u00e4histavat kultuuritehast kui naabruskonda laiemalt. Reedel, 30. augustil\u00a0toimub mahuka programmiga Galeriide \u00f6\u00f6, kus on lisaks galeriidele avatud ka kunstistuudiote ja teistegi Aparaaditehase majaliste uksed. Galeriide \u00f6\u00f6 vol [&hellip;]<\/p>\n","protected":false},"author":9,"featured_media":106994,"comment_status":"open","ping_status":"open","sticky":false,"template":"","format":"standard","meta":{"_acf_changed":false,"footnotes":""},"categories":[202],"tags":[229],"class_list":["post-106993","post","type-post","status-publish","format-standard","has-post-thumbnail","hentry","category-uudis","tag-euroopa-kultuuripealinn-tartu-2024"],"acf":[],"_links":{"self":[{"href":"https:\/\/visittartu.com\/et\/wp-json\/wp\/v2\/posts\/106993","targetHints":{"allow":["GET"]}}],"collection":[{"href":"https:\/\/visittartu.com\/et\/wp-json\/wp\/v2\/posts"}],"about":[{"href":"https:\/\/visittartu.com\/et\/wp-json\/wp\/v2\/types\/post"}],"author":[{"embeddable":true,"href":"https:\/\/visittartu.com\/et\/wp-json\/wp\/v2\/users\/9"}],"replies":[{"embeddable":true,"href":"https:\/\/visittartu.com\/et\/wp-json\/wp\/v2\/comments?post=106993"}],"version-history":[{"count":2,"href":"https:\/\/visittartu.com\/et\/wp-json\/wp\/v2\/posts\/106993\/revisions"}],"predecessor-version":[{"id":107001,"href":"https:\/\/visittartu.com\/et\/wp-json\/wp\/v2\/posts\/106993\/revisions\/107001"}],"wp:featuredmedia":[{"embeddable":true,"href":"https:\/\/visittartu.com\/et\/wp-json\/wp\/v2\/media\/106994"}],"wp:attachment":[{"href":"https:\/\/visittartu.com\/et\/wp-json\/wp\/v2\/media?parent=106993"}],"wp:term":[{"taxonomy":"category","embeddable":true,"href":"https:\/\/visittartu.com\/et\/wp-json\/wp\/v2\/categories?post=106993"},{"taxonomy":"post_tag","embeddable":true,"href":"https:\/\/visittartu.com\/et\/wp-json\/wp\/v2\/tags?post=106993"}],"curies":[{"name":"wp","href":"https:\/\/api.w.org\/{rel}","templated":true}]}}