 {"id":106963,"date":"2024-08-29T08:02:18","date_gmt":"2024-08-29T08:02:18","guid":{"rendered":"https:\/\/visittartu.com\/?p=106963"},"modified":"2026-01-26T14:28:13","modified_gmt":"2026-01-26T14:28:13","slug":"kuko-kuubis-projektid-louna-eestis-on-avatud-viimaseid-nadalaid","status":"publish","type":"post","link":"https:\/\/visittartu.com\/et\/kuko-kuubis-projektid-louna-eestis-on-avatud-viimaseid-nadalaid\/","title":{"rendered":"\u201eKuko kuubis\u201c projektid L\u00f5una-Eestis on avatud viimaseid n\u00e4dalaid"},"content":{"rendered":"<p><strong>Kaasaegse kunsti projekt \u201eKuko kuubis\u201c ootab huvilisi enne suve l\u00f5ppu k\u00fclastama oma programmi kuuluvaid projekte ja kasutama viimast v\u00f5imalust, et n\u00e4ha v\u00e4ljapanekuid Taevaskojas, T\u00f5raveres, R\u00e4pinas ja J\u00e4rvseljal.<\/strong><\/p>\n<p>Veel\u00a024. ja 25. augustil on v\u00f5imalik kohtuda Lummutaja Lonnyga Taevaskojas \u2013 kunstnikud Sigrid Viir (EST) ja L\u012bga Spunde (LV) on andnud j\u00f5elaevale Lonny uue ilme, loonud veebim\u00e4ngu uute rahvap\u00e4rimuste loomiseks ning k\u00fclvanud legende ka Taevaskoja matkaradadele.<\/p>\n<p>Kuni 1. septembrini on v\u00f5imalik k\u00fclastada Karel Koplimetsa kohaspetsiifilist ruumiinstallatsiooni \u201c2074\u201d T\u00f5raveres Tartu \u00dclikooli observatooriumis. Valminud aastal 1964, on observatooriumi kompleks paeluv kombinatsioon tipptasemel teadust\u00f6\u00f6st keset rohelust ning argipilgule salap\u00e4rasena n\u00e4ivast infrastruktuurist \u2013 peamajale lisaks on siin mitmed teleskoobi-tornid ning teised objektid maastikus. Koplimetsa d\u00fcstoopiline tulevikku vaatav installatsioon pakub v\u00f5imaluse \u00fchte nendest tornidest l\u00e4hemalt uurida.<\/p>\n<p>Kuni 7. septembrini on J\u00e4rvseljal \u00f5ppe- ja katsemetskonnas v\u00f5imalus tutvuda Uku Sepsivarti \u201ekatse-skulptuuride\u201c ning spetsiaalselt ellu kutsutud \u00d5ppe- ja Katsemuuseumiga, mis avab k\u00fclastajale J\u00e4rvselja rikkaliku ajaloo erinevaid kihte. Siin asub n\u00e4iteks Eesti vanim metsakaitseala \u2013 nn J\u00e4rvselja \u00fcrgmets, mis t\u00e4histab just septembris 2024. aastal kaitse alla v\u00f5tmise sajandat t\u00e4htp\u00e4eva.<\/p>\n<p>Ning kuigi ametlikult saab \u201eKuko kuubis\u201c projekt l\u00f5pu septembriga, j\u00e4\u00e4b Ingrid Alliku ning tema Eesti ja Soome kolleegide rajatud linnaruumiinstallatsioon \u201eKased kuubis\u201c R\u00e4pina paberivabriku ette p\u00fcsivalt. \u00dcsna t\u00e4htsusetust mururibast on kunstnike sekkumise tagaj\u00e4rjel saanud kvaliteetne avalik ruum, mis kutsub avastama erinevaid elemente, et koos jutustada lugusid paberivalmistamise pikast ajaloost R\u00e4pinas.<\/p>\n<p>\u201eKuko kuubis\u201c kuulub Euroopa kultuuripealinn Tartu 2024 p\u00f5hiprogrammi. Projektis osalevad J\u00e4rvselja \u00d5ppe- ja Katsemetskond (kunstnik Uku Sepsivart), T\u00dc Tartu Observatoorium T\u00f5raveres (kunstnik Karel Koplimets), j\u00f5elaev Lonny Ahja j\u00f5e paisul Taevaskojas (kunstnikud Sigrid Viir ja L\u012bga Spunde) ning R\u00e4pina Paberivabrik (kunstnik Ingrid Allik, koos kolleegidega Eestist ja Soomest).<\/p>\n<p>Projekt &#8220;Kuko kuubis&#8221; on v\u00e4lja kasvanud algatusest \u201cKunstnikud kogudes (Kuko)\u201c, mis on l\u00f5iminud kaasaegset kunsti ja p\u00e4randit alates aastast 2018. EV100 kunstiprogrammi osana alguse saanud projekt on loonud juba 15 dialoogi kunstnike ja v\u00e4ikemuuseumite vahel \u00fcle Eesti. Euroopa kultuuripealinn Tartu 2024 jaoks laiendati aga formaati ning kunstnikud suunati residentuuridesse ja kohaspetsiifiliselt sekkuma \u00fchiskonnaelu s\u00f5lmpunktidesse v\u00e4ljaspool seni projekti keskmes olnud muuseumide ringi. Projekti eestvedajad on Maarin Ektermann ja Mary-Ann Talvistu; toetab Eesti Kultuurkapital.<\/p>\n<p>Jooksvat infot projekti kohta leiab \u201eKunstnikud kogudes\u201c\u00a0<a href=\"https:\/\/www.facebook.com\/kunstnikudkogudes\" target=\"_blank\" rel=\"noopener\">Facebooki lehelt<\/a>.<\/p>\n","protected":false},"excerpt":{"rendered":"<p>Kaasaegse kunsti projekt \u201eKuko kuubis\u201c ootab huvilisi enne suve l\u00f5ppu k\u00fclastama oma programmi kuuluvaid projekte ja kasutama viimast v\u00f5imalust, et n\u00e4ha v\u00e4ljapanekuid Taevaskojas, T\u00f5raveres, R\u00e4pinas ja J\u00e4rvseljal. Veel\u00a024. ja 25. augustil on v\u00f5imalik kohtuda Lummutaja Lonnyga Taevaskojas \u2013 kunstnikud Sigrid Viir (EST) ja L\u012bga Spunde (LV) on andnud j\u00f5elaevale Lonny uue ilme, loonud veebim\u00e4ngu uute [&hellip;]<\/p>\n","protected":false},"author":19,"featured_media":106965,"comment_status":"closed","ping_status":"closed","sticky":false,"template":"","format":"standard","meta":{"_acf_changed":false,"footnotes":""},"categories":[202],"tags":[],"class_list":["post-106963","post","type-post","status-publish","format-standard","has-post-thumbnail","hentry","category-uudis"],"acf":[],"_links":{"self":[{"href":"https:\/\/visittartu.com\/et\/wp-json\/wp\/v2\/posts\/106963","targetHints":{"allow":["GET"]}}],"collection":[{"href":"https:\/\/visittartu.com\/et\/wp-json\/wp\/v2\/posts"}],"about":[{"href":"https:\/\/visittartu.com\/et\/wp-json\/wp\/v2\/types\/post"}],"author":[{"embeddable":true,"href":"https:\/\/visittartu.com\/et\/wp-json\/wp\/v2\/users\/19"}],"replies":[{"embeddable":true,"href":"https:\/\/visittartu.com\/et\/wp-json\/wp\/v2\/comments?post=106963"}],"version-history":[{"count":1,"href":"https:\/\/visittartu.com\/et\/wp-json\/wp\/v2\/posts\/106963\/revisions"}],"predecessor-version":[{"id":106975,"href":"https:\/\/visittartu.com\/et\/wp-json\/wp\/v2\/posts\/106963\/revisions\/106975"}],"wp:featuredmedia":[{"embeddable":true,"href":"https:\/\/visittartu.com\/et\/wp-json\/wp\/v2\/media\/106965"}],"wp:attachment":[{"href":"https:\/\/visittartu.com\/et\/wp-json\/wp\/v2\/media?parent=106963"}],"wp:term":[{"taxonomy":"category","embeddable":true,"href":"https:\/\/visittartu.com\/et\/wp-json\/wp\/v2\/categories?post=106963"},{"taxonomy":"post_tag","embeddable":true,"href":"https:\/\/visittartu.com\/et\/wp-json\/wp\/v2\/tags?post=106963"}],"curies":[{"name":"wp","href":"https:\/\/api.w.org\/{rel}","templated":true}]}}