 {"id":106417,"date":"2024-08-16T08:55:23","date_gmt":"2024-08-16T08:55:23","guid":{"rendered":"https:\/\/visittartu.com\/?p=106417"},"modified":"2025-11-20T14:22:57","modified_gmt":"2025-11-20T14:22:57","slug":"tartu-voluvad-puitlinnaosad","status":"publish","type":"post","link":"https:\/\/visittartu.com\/et\/tartu-voluvad-puitlinnaosad\/","title":{"rendered":"Tartu v\u00f5luvad puitlinnaosad"},"content":{"rendered":"\t\t<div data-elementor-type=\"wp-post\" data-elementor-id=\"106417\" class=\"elementor elementor-106417\" data-elementor-post-type=\"post\">\n\t\t\t\t<div class=\"elementor-element elementor-element-40ffee29 e-con-full e-flex e-con e-parent\" data-id=\"40ffee29\" data-element_type=\"container\">\n\t\t\t\t<div class=\"elementor-element elementor-element-4b3a3ebf elementor-widget elementor-widget-heading\" data-id=\"4b3a3ebf\" data-element_type=\"widget\" data-widget_type=\"heading.default\">\n\t\t\t\t<div class=\"elementor-widget-container\">\n\t\t\t\t\t<h2 class=\"elementor-heading-title elementor-size-default\">Ajalugu kohtub kaasaegsusega<\/h2>\t\t\t\t<\/div>\n\t\t\t\t<\/div>\n\t\t\t\t<\/div>\n\t\t<div class=\"elementor-element elementor-element-402bc7d3 e-con-full e-flex e-con e-parent\" data-id=\"402bc7d3\" data-element_type=\"container\">\n\t\t\t\t<div class=\"elementor-element elementor-element-54f4de21 elementor-widget elementor-widget-text-editor\" data-id=\"54f4de21\" data-element_type=\"widget\" data-widget_type=\"text-editor.default\">\n\t\t\t\t<div class=\"elementor-widget-container\">\n\t\t\t\t\t\t\t\t\t<p>Tartu milj\u00f6\u00f6v\u00e4\u00e4rtuslikud linnaosad v\u00f5luvad k\u00fclastajaid oma armsuse ja rahulikkusega. Naudi boheemlaslikku Karlovat ja seikle Supilinnas ning \u00e4ra unusta l\u00e4bi p\u00f5igata ka T\u00e4htverest ja Tammelinnast. Jaluta kasv\u00f5i koos giidiga v\u00f5i haara endale ratas Tartu rattaringlusest.<\/p>\t\t\t\t\t\t\t\t<\/div>\n\t\t\t\t<\/div>\n\t\t\t\t<\/div>\n\t\t<div class=\"elementor-element elementor-element-7d499f6a con-2col-imgtxt cont e-flex e-con-boxed e-con e-parent\" data-id=\"7d499f6a\" data-element_type=\"container\" data-settings=\"{&quot;background_background&quot;:&quot;classic&quot;}\">\n\t\t\t\t\t<div class=\"e-con-inner\">\n\t\t<div class=\"elementor-element elementor-element-1e80260 e-con-full e-flex e-con e-child\" data-id=\"1e80260\" data-element_type=\"container\">\n\t\t\t\t<div class=\"elementor-element elementor-element-2718568b elementor-widget elementor-widget-image\" data-id=\"2718568b\" data-element_type=\"widget\" data-widget_type=\"image.default\">\n\t\t\t\t<div class=\"elementor-widget-container\">\n\t\t\t\t\t\t\t\t\t\t\t\t<figure class=\"wp-caption\">\n\t\t\t\t\t\t\t\t\t\t<img fetchpriority=\"high\" decoding=\"async\" width=\"1024\" height=\"682\" src=\"https:\/\/visittartu.com\/wp-content\/uploads\/2024\/08\/Karlova-Mana-Kaasik-1024x682.jpg\" class=\"attachment-large size-large wp-image-106438\" alt=\"Karlova_Mana_Kaasik\" srcset=\"https:\/\/visittartu.com\/wp-content\/uploads\/2024\/08\/Karlova-Mana-Kaasik-1024x682.jpg 1024w, https:\/\/visittartu.com\/wp-content\/uploads\/2024\/08\/Karlova-Mana-Kaasik-300x200.jpg 300w, https:\/\/visittartu.com\/wp-content\/uploads\/2024\/08\/Karlova-Mana-Kaasik-768x512.jpg 768w, https:\/\/visittartu.com\/wp-content\/uploads\/2024\/08\/Karlova-Mana-Kaasik-1536x1023.jpg 1536w, https:\/\/visittartu.com\/wp-content\/uploads\/2024\/08\/Karlova-Mana-Kaasik.jpg 1600w\" sizes=\"(max-width: 1024px) 100vw, 1024px\" \/>\t\t\t\t\t\t\t\t\t\t\t<figcaption class=\"widget-image-caption wp-caption-text\">Karlova, Mana Kaasik<\/figcaption>\n\t\t\t\t\t\t\t\t\t\t<\/figure>\n\t\t\t\t\t\t\t\t\t<\/div>\n\t\t\t\t<\/div>\n\t\t\t\t<\/div>\n\t\t<div class=\"elementor-element elementor-element-d64d5dc e-con-full e-flex e-con e-child\" data-id=\"d64d5dc\" data-element_type=\"container\">\n\t\t\t\t<div class=\"elementor-element elementor-element-bcca29 elementor-widget elementor-widget-text-editor\" data-id=\"bcca29\" data-element_type=\"widget\" data-widget_type=\"text-editor.default\">\n\t\t\t\t<div class=\"elementor-widget-container\">\n\t\t\t\t\t\t\t\t\t<h3 class=\"elementor-heading-title elementor-size-default elementor-inline-editing pen\" contenteditable=\"true\" data-elementor-setting-key=\"title\" data-pen-placeholder=\"Type Here...\"><span style=\"color: #f14c2a;\">Karlova<\/span><\/h3><p>Boheemlaslikus Karlova puitlinnaosas ringi seigeldes j\u00e4\u00e4vad silma v\u00e4rvilised juugendstiilis puitmajad, mis p\u00e4rinevad 18.-20. sajandist. Linnaosa jaguneb All-Karlovaks ja Ees-Karlovaks ning vanimaid vana-balti t\u00fc\u00fcpi maju n\u00e4eb Kalevi t\u00e4nava alguses. Lisaks vahvatele puitmajadele on Karlovale iseloomulikuks kahekordsed puukuurid. Kohalikku\u00a0kultuuri saab nautida iga-aastastel Karlova p\u00e4evadel. Seda nii l\u00e4bi kirjanduse, kunsti, teatri, muusika kui ka kodukohvikutes valminud maitsvate h\u00f5rgutiste.<\/p>\t\t\t\t\t\t\t\t<\/div>\n\t\t\t\t<\/div>\n\t\t\t\t<\/div>\n\t\t\t\t\t<\/div>\n\t\t\t\t<\/div>\n\t\t<div class=\"elementor-element elementor-element-2bacd15e con-2col-imgtxt cont e-flex e-con-boxed e-con e-parent\" data-id=\"2bacd15e\" data-element_type=\"container\" data-settings=\"{&quot;background_background&quot;:&quot;classic&quot;}\">\n\t\t\t\t\t<div class=\"e-con-inner\">\n\t\t<div class=\"elementor-element elementor-element-4859c006 e-flex e-con-boxed e-con e-child\" data-id=\"4859c006\" data-element_type=\"container\">\n\t\t\t\t\t<div class=\"e-con-inner\">\n\t\t<div class=\"elementor-element elementor-element-76a7996f e-con-full e-flex e-con e-child\" data-id=\"76a7996f\" data-element_type=\"container\">\n\t\t\t\t<div class=\"elementor-element elementor-element-518a7dd7 elementor-widget elementor-widget-spacer\" data-id=\"518a7dd7\" data-element_type=\"widget\" data-widget_type=\"spacer.default\">\n\t\t\t\t<div class=\"elementor-widget-container\">\n\t\t\t\t\t\t\t<div class=\"elementor-spacer\">\n\t\t\t<div class=\"elementor-spacer-inner\"><\/div>\n\t\t<\/div>\n\t\t\t\t\t\t<\/div>\n\t\t\t\t<\/div>\n\t\t\t\t<div class=\"elementor-element elementor-element-5091751b elementor-widget elementor-widget-text-editor\" data-id=\"5091751b\" data-element_type=\"widget\" data-widget_type=\"text-editor.default\">\n\t\t\t\t<div class=\"elementor-widget-container\">\n\t\t\t\t\t\t\t\t\t<h3 class=\"elementor-heading-title elementor-size-default elementor-inline-editing pen\" contenteditable=\"true\" data-elementor-setting-key=\"title\" data-pen-placeholder=\"Type Here...\"><span style=\"color: #f14c2a;\">Supilinn<\/span><\/h3><p>V\u00e4ike ja kompaktne Supilinn asub Tartu kesklinnas, Emaj\u00f5e ja T\u00e4htvere vahel. Linnaosale on iseloomulikud k\u00f6\u00f6givilju t\u00e4histavad t\u00e4navanimed \u2013 Oa, Herne, Kauna, Kartuli, K\u00f5rvitsa, Selleri jt. Valdav osa sealsest hoonestusest p\u00e4rineb 19. sajandi teisest poolest ja 20. sajandi algusk\u00fcmnenditest. Puitagulina on Supilinn \u00fcks Tartu v\u00e4rvikamaid linnaosi. Nagu ka Karlova, on Supilinn olnud tudengite traditsiooniline elupaik, seda eelk\u00f5ige t\u00e4nu madalatele \u00fc\u00fcrihindadele ja heale asukohale Tartu \u00dclikooli peahoone vahetus l\u00e4heduses. Kohalikku kogukonda \u00fchendab Supilinna Selts, mille liikmed korraldavad iga-aastaseid Supilinna p\u00e4evi ning koordineerivad kohalikku ajalehte Supilinna Tirin. Supilinna esindust\u00e4navateks v\u00f5ib lugeda Herne ja Kroonuaia t\u00e4navat, kus ajalooline hoonestusstiil on suures osas s\u00e4ilinud. Oluline on ka\u00a0 Supilinna tiik, mis on \u00fcks v\u00e4hestest j\u00e4rvekonna elupaikadest Eestis.<\/p><p>\u00a0<\/p>\t\t\t\t\t\t\t\t<\/div>\n\t\t\t\t<\/div>\n\t\t\t\t<\/div>\n\t\t<div class=\"elementor-element elementor-element-3e06f10f e-con-full e-flex e-con e-child\" data-id=\"3e06f10f\" data-element_type=\"container\">\n\t\t\t\t<div class=\"elementor-element elementor-element-1026e80d elementor-widget elementor-widget-image\" data-id=\"1026e80d\" data-element_type=\"widget\" data-widget_type=\"image.default\">\n\t\t\t\t<div class=\"elementor-widget-container\">\n\t\t\t\t\t\t\t\t\t\t\t\t<figure class=\"wp-caption\">\n\t\t\t\t\t\t\t\t\t\t<img decoding=\"async\" width=\"1024\" height=\"683\" src=\"https:\/\/visittartu.com\/wp-content\/uploads\/2024\/08\/supilinn_virgosiil-1024x683.jpg\" class=\"attachment-large size-large wp-image-106566\" alt=\"Supilinn_Virgo_Siil\" srcset=\"https:\/\/visittartu.com\/wp-content\/uploads\/2024\/08\/supilinn_virgosiil-1024x683.jpg 1024w, https:\/\/visittartu.com\/wp-content\/uploads\/2024\/08\/supilinn_virgosiil-300x200.jpg 300w, https:\/\/visittartu.com\/wp-content\/uploads\/2024\/08\/supilinn_virgosiil-768x512.jpg 768w, https:\/\/visittartu.com\/wp-content\/uploads\/2024\/08\/supilinn_virgosiil-1536x1024.jpg 1536w, https:\/\/visittartu.com\/wp-content\/uploads\/2024\/08\/supilinn_virgosiil.jpg 2048w\" sizes=\"(max-width: 1024px) 100vw, 1024px\" \/>\t\t\t\t\t\t\t\t\t\t\t<figcaption class=\"widget-image-caption wp-caption-text\">Supilinn, Virgo Siil<\/figcaption>\n\t\t\t\t\t\t\t\t\t\t<\/figure>\n\t\t\t\t\t\t\t\t\t<\/div>\n\t\t\t\t<\/div>\n\t\t\t\t<\/div>\n\t\t\t\t\t<\/div>\n\t\t\t\t<\/div>\n\t\t\t\t\t<\/div>\n\t\t\t\t<\/div>\n\t\t<div class=\"elementor-element elementor-element-6bdd694b e-flex e-con-boxed e-con e-child\" data-id=\"6bdd694b\" data-element_type=\"container\">\n\t\t\t\t\t<div class=\"e-con-inner\">\n\t\t\t\t\t<\/div>\n\t\t\t\t<\/div>\n\t\t<div class=\"elementor-element elementor-element-791e3941 e-con-full e-flex e-con e-child\" data-id=\"791e3941\" data-element_type=\"container\">\n\t\t<div class=\"elementor-element elementor-element-752b336d e-con-full e-flex e-con e-child\" data-id=\"752b336d\" data-element_type=\"container\">\n\t\t<div class=\"elementor-element elementor-element-48651552 e-con-full e-flex e-con e-child\" data-id=\"48651552\" data-element_type=\"container\">\n\t\t\t\t<div class=\"elementor-element elementor-element-23c484fa elementor-widget elementor-widget-image\" data-id=\"23c484fa\" data-element_type=\"widget\" data-widget_type=\"image.default\">\n\t\t\t\t<div class=\"elementor-widget-container\">\n\t\t\t\t\t\t\t\t\t\t\t\t<figure class=\"wp-caption\">\n\t\t\t\t\t\t\t\t\t\t<img decoding=\"async\" width=\"1536\" height=\"1024\" src=\"https:\/\/visittartu.com\/wp-content\/uploads\/2024\/08\/tammelinn_erge_jogela-1536x1024.jpg\" class=\"attachment-1536x1536 size-1536x1536 wp-image-106573\" alt=\"\" srcset=\"https:\/\/visittartu.com\/wp-content\/uploads\/2024\/08\/tammelinn_erge_jogela-1536x1024.jpg 1536w, https:\/\/visittartu.com\/wp-content\/uploads\/2024\/08\/tammelinn_erge_jogela-300x200.jpg 300w, https:\/\/visittartu.com\/wp-content\/uploads\/2024\/08\/tammelinn_erge_jogela-1024x683.jpg 1024w, https:\/\/visittartu.com\/wp-content\/uploads\/2024\/08\/tammelinn_erge_jogela-768x512.jpg 768w, https:\/\/visittartu.com\/wp-content\/uploads\/2024\/08\/tammelinn_erge_jogela-2048x1365.jpg 2048w\" sizes=\"(max-width: 1536px) 100vw, 1536px\" \/>\t\t\t\t\t\t\t\t\t\t\t<figcaption class=\"widget-image-caption wp-caption-text\">Tammelinn, Erge J\u00f5gela<\/figcaption>\n\t\t\t\t\t\t\t\t\t\t<\/figure>\n\t\t\t\t\t\t\t\t\t<\/div>\n\t\t\t\t<\/div>\n\t\t\t\t<div class=\"elementor-element elementor-element-6cd078e9 elementor-widget elementor-widget-spacer\" data-id=\"6cd078e9\" data-element_type=\"widget\" data-widget_type=\"spacer.default\">\n\t\t\t\t<div class=\"elementor-widget-container\">\n\t\t\t\t\t\t\t<div class=\"elementor-spacer\">\n\t\t\t<div class=\"elementor-spacer-inner\"><\/div>\n\t\t<\/div>\n\t\t\t\t\t\t<\/div>\n\t\t\t\t<\/div>\n\t\t\t\t<div class=\"elementor-element elementor-element-313c526a elementor-widget elementor-widget-heading\" data-id=\"313c526a\" data-element_type=\"widget\" data-widget_type=\"heading.default\">\n\t\t\t\t<div class=\"elementor-widget-container\">\n\t\t\t\t\t<h3 class=\"elementor-heading-title elementor-size-default\">Tammelinn<\/h3>\t\t\t\t<\/div>\n\t\t\t\t<\/div>\n\t\t\t\t<div class=\"elementor-element elementor-element-2761ca22 elementor-widget__width-initial elementor-widget elementor-widget-text-editor\" data-id=\"2761ca22\" data-element_type=\"widget\" data-widget_type=\"text-editor.default\">\n\t\t\t\t<div class=\"elementor-widget-container\">\n\t\t\t\t\t\t\t\t\t<p>Tartu edelaosas paiknev Tammelinn on \u00fcks esimesi moodsaid aedlinnu Eestis. Seda linnaosa iseloomustavad suured rikkalikult haljastatud krundid, tammepuudega palistatud t\u00e4navad ja v\u00e4ike hoonestustihedus. Tammelinna k\u00f5ige tuntumad s\u00fcndmused on Tammelinna p\u00e4evad ja Tammelinna kodukohvikute p\u00e4ev.<\/p>\t\t\t\t\t\t\t\t<\/div>\n\t\t\t\t<\/div>\n\t\t\t\t<\/div>\n\t\t<div class=\"elementor-element elementor-element-78a144a1 e-con-full e-flex e-con e-child\" data-id=\"78a144a1\" data-element_type=\"container\">\n\t\t\t\t<div class=\"elementor-element elementor-element-282526c0 elementor-widget elementor-widget-image\" data-id=\"282526c0\" data-element_type=\"widget\" data-widget_type=\"image.default\">\n\t\t\t\t<div class=\"elementor-widget-container\">\n\t\t\t\t\t\t\t\t\t\t\t\t<figure class=\"wp-caption\">\n\t\t\t\t\t\t\t\t\t\t<img loading=\"lazy\" decoding=\"async\" width=\"1024\" height=\"682\" src=\"https:\/\/visittartu.com\/wp-content\/uploads\/2024\/08\/Tahtvere_Maanus-Kullamaa-1024x682.jpg\" class=\"attachment-large size-large wp-image-106579\" alt=\"T\u00e4htvere_Maanus Kullamaa\" srcset=\"https:\/\/visittartu.com\/wp-content\/uploads\/2024\/08\/Tahtvere_Maanus-Kullamaa-1024x682.jpg 1024w, https:\/\/visittartu.com\/wp-content\/uploads\/2024\/08\/Tahtvere_Maanus-Kullamaa-300x200.jpg 300w, https:\/\/visittartu.com\/wp-content\/uploads\/2024\/08\/Tahtvere_Maanus-Kullamaa-768x512.jpg 768w, https:\/\/visittartu.com\/wp-content\/uploads\/2024\/08\/Tahtvere_Maanus-Kullamaa-1536x1023.jpg 1536w, https:\/\/visittartu.com\/wp-content\/uploads\/2024\/08\/Tahtvere_Maanus-Kullamaa.jpg 1800w\" sizes=\"(max-width: 1024px) 100vw, 1024px\" \/>\t\t\t\t\t\t\t\t\t\t\t<figcaption class=\"widget-image-caption wp-caption-text\">T\u00e4htvere, Maanus Kullamaa<\/figcaption>\n\t\t\t\t\t\t\t\t\t\t<\/figure>\n\t\t\t\t\t\t\t\t\t<\/div>\n\t\t\t\t<\/div>\n\t\t\t\t<div class=\"elementor-element elementor-element-7e601fe0 elementor-widget elementor-widget-spacer\" data-id=\"7e601fe0\" data-element_type=\"widget\" data-widget_type=\"spacer.default\">\n\t\t\t\t<div class=\"elementor-widget-container\">\n\t\t\t\t\t\t\t<div class=\"elementor-spacer\">\n\t\t\t<div class=\"elementor-spacer-inner\"><\/div>\n\t\t<\/div>\n\t\t\t\t\t\t<\/div>\n\t\t\t\t<\/div>\n\t\t\t\t<div class=\"elementor-element elementor-element-4d301808 elementor-widget elementor-widget-heading\" data-id=\"4d301808\" data-element_type=\"widget\" data-widget_type=\"heading.default\">\n\t\t\t\t<div class=\"elementor-widget-container\">\n\t\t\t\t\t<h3 class=\"elementor-heading-title elementor-size-default\">T\u00e4htvere<\/h3>\t\t\t\t<\/div>\n\t\t\t\t<\/div>\n\t\t\t\t<div class=\"elementor-element elementor-element-2ecc5ef7 elementor-widget__width-initial elementor-widget elementor-widget-text-editor\" data-id=\"2ecc5ef7\" data-element_type=\"widget\" data-widget_type=\"text-editor.default\">\n\t\t\t\t<div class=\"elementor-widget-container\">\n\t\t\t\t\t\t\t\t\t<p>Tartu loodeosas paiknev T\u00e4htvere linnaosa on Tartu \u00fcks prestii\u017eikamaid elupiirkondi, kus on elanud ja elab t\u00e4naseni palju \u00f5ppej\u00f5ude, arste ja kultuuritegelasi. Seet\u00f5ttu kutsutakse T\u00e4htveret rahvasuus ka professorite linnaosaks. P\u00f5hiosa s\u00f5jaeelsetest T\u00e4htvere majadest on ehitatud puidust ning seej\u00e4rel funktsionalistliku v\u00e4ljan\u00e4gemise saamiseks krohvitud. Kuna peaaegu igas T\u00e4htvere aias kasvab m\u00f5ni \u00f5unapuu, siis korraldatakse selleks puhuks s\u00fcgiseti \u201e\u00d5una\u00f5uep\u00e4evade\u201c festivali.<\/p>\t\t\t\t\t\t\t\t<\/div>\n\t\t\t\t<\/div>\n\t\t\t\t<\/div>\n\t\t\t\t<\/div>\n\t\t\t\t<\/div>\n\t\t\t\t<\/div>\n\t\t","protected":false},"excerpt":{"rendered":"<p>Ajalugu kohtub kaasaegsusega Tartu milj\u00f6\u00f6v\u00e4\u00e4rtuslikud linnaosad v\u00f5luvad k\u00fclastajaid oma armsuse ja rahulikkusega. Naudi boheemlaslikku Karlovat ja seikle Supilinnas ning \u00e4ra unusta l\u00e4bi p\u00f5igata ka T\u00e4htverest ja Tammelinnast. Jaluta kasv\u00f5i koos giidiga v\u00f5i haara endale ratas Tartu rattaringlusest. Karlova, Mana Kaasik Karlova Boheemlaslikus Karlova puitlinnaosas ringi seigeldes j\u00e4\u00e4vad silma v\u00e4rvilised juugendstiilis puitmajad, mis p\u00e4rinevad 18.-20. sajandist. [&hellip;]<\/p>\n","protected":false},"author":14,"featured_media":227017,"comment_status":"closed","ping_status":"closed","sticky":false,"template":"","format":"standard","meta":{"_acf_changed":false,"footnotes":""},"categories":[203],"tags":[233,207],"class_list":["post-106417","post","type-post","status-publish","format-standard","has-post-thumbnail","hentry","category-artiklid","tag-kultuur","tag-linnapuhkus"],"acf":[],"_links":{"self":[{"href":"https:\/\/visittartu.com\/et\/wp-json\/wp\/v2\/posts\/106417","targetHints":{"allow":["GET"]}}],"collection":[{"href":"https:\/\/visittartu.com\/et\/wp-json\/wp\/v2\/posts"}],"about":[{"href":"https:\/\/visittartu.com\/et\/wp-json\/wp\/v2\/types\/post"}],"author":[{"embeddable":true,"href":"https:\/\/visittartu.com\/et\/wp-json\/wp\/v2\/users\/14"}],"replies":[{"embeddable":true,"href":"https:\/\/visittartu.com\/et\/wp-json\/wp\/v2\/comments?post=106417"}],"version-history":[{"count":5,"href":"https:\/\/visittartu.com\/et\/wp-json\/wp\/v2\/posts\/106417\/revisions"}],"predecessor-version":[{"id":228778,"href":"https:\/\/visittartu.com\/et\/wp-json\/wp\/v2\/posts\/106417\/revisions\/228778"}],"wp:featuredmedia":[{"embeddable":true,"href":"https:\/\/visittartu.com\/et\/wp-json\/wp\/v2\/media\/227017"}],"wp:attachment":[{"href":"https:\/\/visittartu.com\/et\/wp-json\/wp\/v2\/media?parent=106417"}],"wp:term":[{"taxonomy":"category","embeddable":true,"href":"https:\/\/visittartu.com\/et\/wp-json\/wp\/v2\/categories?post=106417"},{"taxonomy":"post_tag","embeddable":true,"href":"https:\/\/visittartu.com\/et\/wp-json\/wp\/v2\/tags?post=106417"}],"curies":[{"name":"wp","href":"https:\/\/api.w.org\/{rel}","templated":true}]}}