 {"id":106141,"date":"2024-08-15T06:19:17","date_gmt":"2024-08-15T06:19:17","guid":{"rendered":"https:\/\/visittartu.com\/?p=106141"},"modified":"2024-09-29T20:18:32","modified_gmt":"2024-09-29T20:18:32","slug":"iseseisvuse-taastamise-aastapaeval-kolavad-tartus-koned-ja-pidupaeva-muusika","status":"publish","type":"post","link":"https:\/\/visittartu.com\/et\/iseseisvuse-taastamise-aastapaeval-kolavad-tartus-koned-ja-pidupaeva-muusika\/","title":{"rendered":"Iseseisvuse taastamise aastap\u00e4eval k\u00f5lavad Tartus k\u00f5ned ja pidup\u00e4eva muusika"},"content":{"rendered":"<p><strong>Tartu t\u00e4histab 20. augustil Eesti iseseisvuse taastamise 33. aastap\u00e4eva k\u00f5nede, kauni muusika ja vabaduse simmaniga. \u00dcritused algavad ennel\u00f5unal Vabaduss\u00f5ja m\u00e4lestussamba juures ning l\u00f5ppevad \u00f5htuse kontserdiga Eesti Rahva Muuseumis.<\/strong><\/p>\n<p>Iseseisvuse taastamise aastap\u00e4eva ennel\u00f5unal kell 11 k\u00f5nelevad Vabaduss\u00f5ja m\u00e4lestussamba juures Tartu linnapea Urmas Klaas, Eesti Nais\u00fcli\u00f5pilaste Seltsi vilistlane Diana Pungar, Tartu Noortevolikogu esimees Henn Kaaleb Humal ja EELK Tartu \u00dclikooli-Jaani koguduse \u00f5petaja Triin K\u00e4pp. \u00dcritusel esinevad Brigita Joosing, Puhkpilliorkester Tartu, Laulupesa lapsed ja Eesti Maa\u00fclikooli Rahvatantsuansambel Tarbatu laster\u00fchm. Tseremoonial k\u00f5lab Tartu laulupeo nimilugu \u201c\u00d5nn ja r\u00f5\u00f5m\u201d.<\/p>\n<p>Pidup\u00e4ev j\u00e4tkub kell 12.15 Koidula ja Jannseni m\u00e4lestusv\u00e4ljakul vabaduse simmaniga, kus m\u00e4ngivad tunni jooksul tantsuks Rasmus Kadaja ja Ott-Mait P\u00f5ldsepp L\u00f5\u00f5tsav\u00e4gilastest. Lisaks saavad huvilised ERMi hariduskeskuse telgis meisterdada rukkilille ja punuda k\u00e4epaela.<\/p>\n<p>\u00d5htul kell 20 toimub ERMi suvelaval kontsert \u201cUsk. Lootus. Armastus\u201d, kus astuvad lavale Marko Matvere, Karmen Puis, German Gholami Torres-Pardo, Merle Silmato, Peep Puis, Kristjan H\u00e4ggblom ja Aivar Kaseste. Muusikalist tuge ja inspiratsiooni pakuvad Maarjamaa Filharmoonikute koor ja orkester. Kontsert on piletiga, mille saab soodsamalt soetada\u00a0<u><a href=\"https:\/\/fienta.com\/et\/taasiseseisvumispaeva-kontsert-usk-lootus-armastus-2\" target=\"_blank\" rel=\"noopener\">eelm\u00fc\u00fcgist<\/a><\/u>.<\/p>\n<p>Raekoja kelladel k\u00f5lab 20. augustil eriprogramm:<\/p>\n<p>Kell 9 &#8220;Hoia, Jumal, Eestit&#8221; (Juhan Aavik)<\/p>\n<p>Kell 12\u00a0&#8220;\u00c4rkamise aeg&#8221; (Ren\u00e9 Eespere)<\/p>\n<p>Kell 15 &#8220;Ta lendab mesipuu poole&#8221; (Peep Sarapik)<\/p>\n<p>Kell 18 &#8220;Eestlane olen ja eestlaseks j\u00e4\u00e4n&#8221; (Karl August Hermann \/ Alo Mattiisen)<\/p>\n<p>Kell 21 &#8220;Mu isamaa on minu arm&#8221; (Gustav Ernesaks)<\/p>\n<p><em>Lisainfo: Tiigi Seltsimaja produtsent Ave Rosenberg,\u00a0<\/em><em><u><a class=\"spamspan\" href=\"mailto:ave.rosenberg@tartu.ee\">ave.rosenberg@tartu.ee<\/a><\/u><\/em><\/p>\n","protected":false},"excerpt":{"rendered":"<p>Tartu t\u00e4histab 20. augustil Eesti iseseisvuse taastamise 33. aastap\u00e4eva k\u00f5nede, kauni muusika ja vabaduse simmaniga. \u00dcritused algavad ennel\u00f5unal Vabaduss\u00f5ja m\u00e4lestussamba juures ning l\u00f5ppevad \u00f5htuse kontserdiga Eesti Rahva Muuseumis. Iseseisvuse taastamise aastap\u00e4eva ennel\u00f5unal kell 11 k\u00f5nelevad Vabaduss\u00f5ja m\u00e4lestussamba juures Tartu linnapea Urmas Klaas, Eesti Nais\u00fcli\u00f5pilaste Seltsi vilistlane Diana Pungar, Tartu Noortevolikogu esimees Henn Kaaleb Humal ja [&hellip;]<\/p>\n","protected":false},"author":9,"featured_media":106142,"comment_status":"open","ping_status":"open","sticky":false,"template":"","format":"standard","meta":{"_acf_changed":false,"footnotes":""},"categories":[202],"tags":[213],"class_list":["post-106141","post","type-post","status-publish","format-standard","has-post-thumbnail","hentry","category-uudis","tag-sundmused"],"acf":[],"_links":{"self":[{"href":"https:\/\/visittartu.com\/et\/wp-json\/wp\/v2\/posts\/106141","targetHints":{"allow":["GET"]}}],"collection":[{"href":"https:\/\/visittartu.com\/et\/wp-json\/wp\/v2\/posts"}],"about":[{"href":"https:\/\/visittartu.com\/et\/wp-json\/wp\/v2\/types\/post"}],"author":[{"embeddable":true,"href":"https:\/\/visittartu.com\/et\/wp-json\/wp\/v2\/users\/9"}],"replies":[{"embeddable":true,"href":"https:\/\/visittartu.com\/et\/wp-json\/wp\/v2\/comments?post=106141"}],"version-history":[{"count":2,"href":"https:\/\/visittartu.com\/et\/wp-json\/wp\/v2\/posts\/106141\/revisions"}],"predecessor-version":[{"id":106228,"href":"https:\/\/visittartu.com\/et\/wp-json\/wp\/v2\/posts\/106141\/revisions\/106228"}],"wp:featuredmedia":[{"embeddable":true,"href":"https:\/\/visittartu.com\/et\/wp-json\/wp\/v2\/media\/106142"}],"wp:attachment":[{"href":"https:\/\/visittartu.com\/et\/wp-json\/wp\/v2\/media?parent=106141"}],"wp:term":[{"taxonomy":"category","embeddable":true,"href":"https:\/\/visittartu.com\/et\/wp-json\/wp\/v2\/categories?post=106141"},{"taxonomy":"post_tag","embeddable":true,"href":"https:\/\/visittartu.com\/et\/wp-json\/wp\/v2\/tags?post=106141"}],"curies":[{"name":"wp","href":"https:\/\/api.w.org\/{rel}","templated":true}]}}