 {"id":103417,"date":"2024-05-28T10:14:44","date_gmt":"2024-05-28T10:14:44","guid":{"rendered":"https:\/\/visittartu.com\/?p=103417"},"modified":"2026-01-26T15:27:19","modified_gmt":"2026-01-26T15:27:19","slug":"peipsi-aares-avatakse-poola-kuninga-loss","status":"publish","type":"post","link":"https:\/\/visittartu.com\/et\/peipsi-aares-avatakse-poola-kuninga-loss\/","title":{"rendered":"Peipsi \u00e4\u00e4res avatakse Poola kuninga loss"},"content":{"rendered":"<p><strong>Reedel, 31. mail avatakse Peipsi \u00e4\u00e4res Rupsil Poola kuninga loss.<\/strong> Koos lossiga esitletakse pesakaste, tuulekellasid, tasakaalurada, istumispesasid. Pidulikult eemaldatakse saladuskate Juhan Liivi meelemaastikelt, Liivi muuseumi uuelt v\u00e4liekspositsioonilt. Nii j\u00e4tkatakse poeedi 160. s\u00fcnniaastap\u00e4eva t\u00e4histamist Peipsi l\u00e4hedal.<\/p>\n<p>On \u00fcldteada, et Juhan Liiv pidas oma haigusaastatel end ka Poola kuningaks ning soovis r\u00e4nnata Poolamaale oma rahvast valitsema. Vaimuhaigus, mida s\u00fcvendas linn, inimkontaktid ja kiirustav keskkond, sai aeglasemad tuurid tagasi maale suundudes. Looduskeskkonnas tundis Juhan Liiv end koduselt, loodus oli Juhanile inspiratsiooniks.<\/p>\n<p>Juhan Liivi muuseumi uus v\u00e4liekspositsioon \u201cJuhan Liivi meelemaastikud\u201d v\u00f5imendab k\u00fclastajate looduskogemust, esitleb Liivi loomingut ja pakub positiivseid emotsioone. Siin k\u00f5rvutatakse Liivi loomingut ja looduskeskkonda, kujutatakse luuletaja meelt f\u00fc\u00fcsilise maastikuna, meelemaastikuna. K\u00fclalisel on v\u00f5imalus piiluda Juhan Liivi p\u00e4he &#8211; mis teda r\u00f5\u00f5mustas, mis vihale v\u00f5i hulluks ajas. V\u00f5i miks ta Poola kuningaks kippus.<\/p>\n<p>Kogu ekspositsioon annab meie viiele meelele t\u00f6\u00f6d ning viib k\u00fclalised rahulikku loodusega koosk\u00f5las olevasse seisundisse. Tuleb vaid kohale tulla, kohal olla ja aega v\u00f5tta.<\/p>\n<p>N\u00e4ituse tekstilist osa esitletakse eesti ja inglise keeles, n\u00e4ituse loomisel on arvestatud nii laste kui t\u00e4iskasvanutega. N\u00e4ituse kontseptsiooni ja kujunduse l\u00f5i koos Liivi muuseumiga disainb\u00fcroo Velvet.<\/p>\n<p>Nii muuseum tervikuna kui uus ekspositsioon on suvel avatud iga p\u00e4ev kell 10-18. Muuseumikaardiga sissep\u00e4\u00e4s prii.<\/p>\n<p>Ekspositsiooni kavandamist ja ehitust toetasid LEADER-programm ja Peipsi\u00e4\u00e4re vald.<\/p>\n<p>Lisainfot uue ekspositsiooni ja avas\u00fcndmuse kohta annab Juhan Liivi muuseumi juhataja Mari Niitra telefonil 514 4851.<\/p>\n<p>N\u00e4ituse avamine toimub 31. mail kell 15 Rupsil, Juhan Liivi muuseumis. Olete oodatud avamisele!<\/p>\n<p>&nbsp;<\/p>\n","protected":false},"excerpt":{"rendered":"<p>Reedel, 31. mail avatakse Peipsi \u00e4\u00e4res Rupsil Poola kuninga loss. Koos lossiga esitletakse pesakaste, tuulekellasid, tasakaalurada, istumispesasid. Pidulikult eemaldatakse saladuskate Juhan Liivi meelemaastikelt, Liivi muuseumi uuelt v\u00e4liekspositsioonilt. Nii j\u00e4tkatakse poeedi 160. s\u00fcnniaastap\u00e4eva t\u00e4histamist Peipsi l\u00e4hedal. On \u00fcldteada, et Juhan Liiv pidas oma haigusaastatel end ka Poola kuningaks ning soovis r\u00e4nnata Poolamaale oma rahvast valitsema. Vaimuhaigus, [&hellip;]<\/p>\n","protected":false},"author":9,"featured_media":103418,"comment_status":"closed","ping_status":"closed","sticky":false,"template":"","format":"standard","meta":{"_acf_changed":false,"footnotes":""},"categories":[202],"tags":[230,259],"class_list":["post-103417","post","type-post","status-publish","format-standard","has-post-thumbnail","hentry","category-uudis","tag-muuseum","tag-tartumaa"],"acf":[],"_links":{"self":[{"href":"https:\/\/visittartu.com\/et\/wp-json\/wp\/v2\/posts\/103417","targetHints":{"allow":["GET"]}}],"collection":[{"href":"https:\/\/visittartu.com\/et\/wp-json\/wp\/v2\/posts"}],"about":[{"href":"https:\/\/visittartu.com\/et\/wp-json\/wp\/v2\/types\/post"}],"author":[{"embeddable":true,"href":"https:\/\/visittartu.com\/et\/wp-json\/wp\/v2\/users\/9"}],"replies":[{"embeddable":true,"href":"https:\/\/visittartu.com\/et\/wp-json\/wp\/v2\/comments?post=103417"}],"version-history":[{"count":2,"href":"https:\/\/visittartu.com\/et\/wp-json\/wp\/v2\/posts\/103417\/revisions"}],"predecessor-version":[{"id":233265,"href":"https:\/\/visittartu.com\/et\/wp-json\/wp\/v2\/posts\/103417\/revisions\/233265"}],"wp:featuredmedia":[{"embeddable":true,"href":"https:\/\/visittartu.com\/et\/wp-json\/wp\/v2\/media\/103418"}],"wp:attachment":[{"href":"https:\/\/visittartu.com\/et\/wp-json\/wp\/v2\/media?parent=103417"}],"wp:term":[{"taxonomy":"category","embeddable":true,"href":"https:\/\/visittartu.com\/et\/wp-json\/wp\/v2\/categories?post=103417"},{"taxonomy":"post_tag","embeddable":true,"href":"https:\/\/visittartu.com\/et\/wp-json\/wp\/v2\/tags?post=103417"}],"curies":[{"name":"wp","href":"https:\/\/api.w.org\/{rel}","templated":true}]}}