 {"id":103273,"date":"2024-05-17T08:37:29","date_gmt":"2024-05-17T08:37:29","guid":{"rendered":"https:\/\/visittartu.com\/?p=103273"},"modified":"2026-01-26T14:26:25","modified_gmt":"2026-01-26T14:26:25","slug":"tartu-linnaraamatukogus-avati-tartu-tuba","status":"publish","type":"post","link":"https:\/\/visittartu.com\/et\/tartu-linnaraamatukogus-avati-tartu-tuba\/","title":{"rendered":"Tartu linnaraamatukogus avati Tartu tuba"},"content":{"rendered":"<p><strong>Tartu Oskar Lutsu nimelises Linnaraamatukogus (Kompanii 3\/5) avatakse 20. mail kell 13 Tartu tuba, mis tutvustab Tartut, Tartust v\u00f5i tartlaste kirjutatud teoseid, andmebaase Tartu kohta, Tartu ilukirjanduslikke r\u00e4nnakuid ning muud Tartuga seonduvat. Toas on v\u00e4lja pandud valik raamatuid Tartu kultuurist, ajaloost, linna eluolust ja tartlastest ning ilukirjandust, milles peategelaseks Tartu v\u00f5i tartlased.<\/strong><\/p>\n<p>\u201eTeatud m\u00f5ttes on Tartu tuba edasiarendus meie andmebaasist Tartu ilukirjanduses, mida koostame juba alates 2005. aastast. Andmebaas s\u00fcndis ilusast m\u00f5ttest esitleda Tartut ilukirjanduse kaudu: koondada tekste, kus on juttu Tartu kohtadest, inimestest, Tartuga seotud s\u00fcndmustest, aga ka tabamata v\u00f5i tabatud Tartu vaimust v\u00f5i muust Tartule iseloomulikust. Tartu tuba v\u00f5imaldab anda sellele ideele f\u00fc\u00fcsilise kuju,\u201c s\u00f5nas Tartu Linnaraamatukogu asedirektor \u00dclo Treikelder. \u201eOn s\u00fcmboolne, et me loome sellise toa just aastal, mil Tartu on Euroopa kultuuripealinn.\u201c<\/p>\n<p>Tartu toa avavad s\u00f5nav\u00f5ttudega linnapea Urmas Klaas ja linnaraamatukogu direktor Kristina Pai. Toa v\u00f5imalustest r\u00e4\u00e4givad \u00dclo Treikelder ning erialakirjanduse osakonna juhataja Halliki J\u00fcrma.<\/p>\n<p>\u201eUueks algatuseks on Tartu m\u00e4lestuste andmebaas, mida hakkame just Tartu toas koguma. Siin saab teistega jagamiseks panna kirja Tartuga seotud loo, oma m\u00e4lestuse, legendi ja lugeda, mida teised on Tartu kohta kirjutanud. Ootame k\u00f5iki oma lugu meiega jagama,\u201c tutvustas Halliki J\u00fcrma uut m\u00e4lestuste andmebaasi.<\/p>\n<p>Tartu tuba on avatud raamatukogu lahtiolekuaegadel ning seda on oodatud kasutama k\u00f5ik huvilised.<\/p>\n","protected":false},"excerpt":{"rendered":"<p>Tartu Oskar Lutsu nimelises Linnaraamatukogus (Kompanii 3\/5) avatakse 20. mail kell 13 Tartu tuba, mis tutvustab Tartut, Tartust v\u00f5i tartlaste kirjutatud teoseid, andmebaase Tartu kohta, Tartu ilukirjanduslikke r\u00e4nnakuid ning muud Tartuga seonduvat. Toas on v\u00e4lja pandud valik raamatuid Tartu kultuurist, ajaloost, linna eluolust ja tartlastest ning ilukirjandust, milles peategelaseks Tartu v\u00f5i tartlased. \u201eTeatud m\u00f5ttes on [&hellip;]<\/p>\n","protected":false},"author":9,"featured_media":103274,"comment_status":"closed","ping_status":"closed","sticky":false,"template":"","format":"standard","meta":{"_acf_changed":false,"footnotes":""},"categories":[202],"tags":[213],"class_list":["post-103273","post","type-post","status-publish","format-standard","has-post-thumbnail","hentry","category-uudis","tag-sundmused"],"acf":[],"_links":{"self":[{"href":"https:\/\/visittartu.com\/et\/wp-json\/wp\/v2\/posts\/103273","targetHints":{"allow":["GET"]}}],"collection":[{"href":"https:\/\/visittartu.com\/et\/wp-json\/wp\/v2\/posts"}],"about":[{"href":"https:\/\/visittartu.com\/et\/wp-json\/wp\/v2\/types\/post"}],"author":[{"embeddable":true,"href":"https:\/\/visittartu.com\/et\/wp-json\/wp\/v2\/users\/9"}],"replies":[{"embeddable":true,"href":"https:\/\/visittartu.com\/et\/wp-json\/wp\/v2\/comments?post=103273"}],"version-history":[{"count":2,"href":"https:\/\/visittartu.com\/et\/wp-json\/wp\/v2\/posts\/103273\/revisions"}],"predecessor-version":[{"id":233235,"href":"https:\/\/visittartu.com\/et\/wp-json\/wp\/v2\/posts\/103273\/revisions\/233235"}],"wp:featuredmedia":[{"embeddable":true,"href":"https:\/\/visittartu.com\/et\/wp-json\/wp\/v2\/media\/103274"}],"wp:attachment":[{"href":"https:\/\/visittartu.com\/et\/wp-json\/wp\/v2\/media?parent=103273"}],"wp:term":[{"taxonomy":"category","embeddable":true,"href":"https:\/\/visittartu.com\/et\/wp-json\/wp\/v2\/categories?post=103273"},{"taxonomy":"post_tag","embeddable":true,"href":"https:\/\/visittartu.com\/et\/wp-json\/wp\/v2\/tags?post=103273"}],"curies":[{"name":"wp","href":"https:\/\/api.w.org\/{rel}","templated":true}]}}