 {"id":102868,"date":"2024-06-27T08:24:54","date_gmt":"2024-06-27T08:24:54","guid":{"rendered":"https:\/\/visittartu.com\/?p=102868"},"modified":"2024-07-22T14:21:16","modified_gmt":"2024-07-22T14:21:16","slug":"manguasjamuuseum-avab-naituse-lastekliinikus","status":"publish","type":"post","link":"https:\/\/visittartu.com\/et\/manguasjamuuseum-avab-naituse-lastekliinikus\/","title":{"rendered":"M\u00e4nguasjamuuseum avab n\u00e4ituse lastekliinikus"},"content":{"rendered":"<p>Tartu M\u00e4nguasjamuuseum avab Tartu linna p\u00e4eval, 29. juunil Tartu \u00dclikooli Kliinikumi lastekliinikus m\u00e4nguasjan\u00e4ituse \u201eS\u00f5brad m\u00e4nguasjamuuseumist\u201d. N\u00e4itus on m\u00f5eldud r\u00f5\u00f5mustama lapsi, kes peavad pikemat v\u00f5i l\u00fchemat aega haiglas viibima.<\/p>\n<p>Tartu \u00dclikooli kliinikumi lastekliiniku \u00f5endusjuhi Evelyn Everti s\u00f5nutsi on v\u00e4ga tore, et kliinik saab pakkuda haiglas viibivale v\u00f5i arsti vastuv\u00f5tule tulevale lapsele positiivset elamust.<\/p>\n<p>\u201eTavaliselt on lapsed v\u00e4ga loomingulised ja uudishimulikud ning on v\u00e4ga vajalik, et ka haiglas viibimise ajal oleks v\u00f5imalus ennast l\u00e4bi m\u00e4ngu v\u00f5i joonistuste v\u00e4ljendada,\u201d selgitab Evert. \u201eAugustis t\u00e4itub lastekliinikul esimene aasta uues majas ja justkui kingina saame erinevates kliinikutes ja osakondades olevate lastega seda suurep\u00e4rast n\u00e4itust nautida.\u201d<\/p>\n<p>N\u00e4itusele on v\u00e4lja pandud karud ja nukud, autod ja klounid, lauam\u00e4ngud ja k\u00f5ikv\u00f5imalikud erinevad toredad m\u00e4nguloomad Tartu M\u00e4nguasjamuuseumi kogudest. Lisaks n\u00e4ituse imetlemisele on v\u00f5imalik sirvida m\u00e4nguasjamuuseumi raamatuid ja v\u00e4rvida m\u00e4ngukarude poolt v\u00e4lja valitud v\u00e4rvimislehti.<\/p>\n<p>Lastekliiniku puhkealal olev n\u00e4itus on k\u00f5igile k\u00fclastajatele tasuta ja j\u00e4\u00e4b avatuks kuni novembri algusp\u00e4evadeni.<\/p>\n<p>Tartu M\u00e4nguasjamuuseum asub Tartu vanalinnas Lutsu t\u00e4naval ja on aastaringselt avatud kolmap\u00e4evast p\u00fchap\u00e4evani kell 11-18.<br \/>\nLisainfot n\u00e4ituste, teatrietenduste ja \u00f5pitubade kohta saab aadressilt www.mm.ee v\u00f5i telefonil 7461 777.<\/p>\n<p>Lisainfo: Marge P\u00e4rnits, Tartu M\u00e4nguasjamuuseumi arendusjuht, 5136716, marge@mm.ee, www.mm.ee<\/p>\n","protected":false},"excerpt":{"rendered":"<p>Tartu M\u00e4nguasjamuuseum avab Tartu linna p\u00e4eval, 29. juunil Tartu \u00dclikooli Kliinikumi lastekliinikus m\u00e4nguasjan\u00e4ituse \u201eS\u00f5brad m\u00e4nguasjamuuseumist\u201d. N\u00e4itus on m\u00f5eldud r\u00f5\u00f5mustama lapsi, kes peavad pikemat v\u00f5i l\u00fchemat aega haiglas viibima. Tartu \u00dclikooli kliinikumi lastekliiniku \u00f5endusjuhi Evelyn Everti s\u00f5nutsi on v\u00e4ga tore, et kliinik saab pakkuda haiglas viibivale v\u00f5i arsti vastuv\u00f5tule tulevale lapsele positiivset elamust. \u201eTavaliselt on lapsed [&hellip;]<\/p>\n","protected":false},"author":9,"featured_media":103028,"comment_status":"open","ping_status":"open","sticky":false,"template":"","format":"standard","meta":{"_acf_changed":false,"footnotes":""},"categories":[202],"tags":[230,260],"class_list":["post-102868","post","type-post","status-publish","format-standard","has-post-thumbnail","hentry","category-uudis","tag-muuseum","tag-naitus"],"acf":[],"_links":{"self":[{"href":"https:\/\/visittartu.com\/et\/wp-json\/wp\/v2\/posts\/102868","targetHints":{"allow":["GET"]}}],"collection":[{"href":"https:\/\/visittartu.com\/et\/wp-json\/wp\/v2\/posts"}],"about":[{"href":"https:\/\/visittartu.com\/et\/wp-json\/wp\/v2\/types\/post"}],"author":[{"embeddable":true,"href":"https:\/\/visittartu.com\/et\/wp-json\/wp\/v2\/users\/9"}],"replies":[{"embeddable":true,"href":"https:\/\/visittartu.com\/et\/wp-json\/wp\/v2\/comments?post=102868"}],"version-history":[{"count":1,"href":"https:\/\/visittartu.com\/et\/wp-json\/wp\/v2\/posts\/102868\/revisions"}],"predecessor-version":[{"id":102875,"href":"https:\/\/visittartu.com\/et\/wp-json\/wp\/v2\/posts\/102868\/revisions\/102875"}],"wp:featuredmedia":[{"embeddable":true,"href":"https:\/\/visittartu.com\/et\/wp-json\/wp\/v2\/media\/103028"}],"wp:attachment":[{"href":"https:\/\/visittartu.com\/et\/wp-json\/wp\/v2\/media?parent=102868"}],"wp:term":[{"taxonomy":"category","embeddable":true,"href":"https:\/\/visittartu.com\/et\/wp-json\/wp\/v2\/categories?post=102868"},{"taxonomy":"post_tag","embeddable":true,"href":"https:\/\/visittartu.com\/et\/wp-json\/wp\/v2\/tags?post=102868"}],"curies":[{"name":"wp","href":"https:\/\/api.w.org\/{rel}","templated":true}]}}