 {"id":101180,"date":"2024-05-27T10:49:28","date_gmt":"2024-05-27T10:49:28","guid":{"rendered":"https:\/\/visittartu.com\/?p=101180"},"modified":"2026-01-26T14:27:32","modified_gmt":"2026-01-26T14:27:32","slug":"sinu-suvi-tartus","status":"publish","type":"post","link":"https:\/\/visittartu.com\/et\/sinu-suvi-tartus\/","title":{"rendered":"Sinu suvi Tartus"},"content":{"rendered":"\t\t<div data-elementor-type=\"wp-post\" data-elementor-id=\"101180\" class=\"elementor elementor-101180\" data-elementor-post-type=\"post\">\n\t\t\t\t<div class=\"elementor-element elementor-element-399a193 con-2col-imgtxt cont e-flex e-con-boxed e-con e-parent\" data-id=\"399a193\" data-element_type=\"container\" data-settings=\"{&quot;background_background&quot;:&quot;classic&quot;}\">\n\t\t\t\t\t<div class=\"e-con-inner\">\n\t\t\t\t<div class=\"elementor-element elementor-element-adcd174 elementor-widget elementor-widget-heading\" data-id=\"adcd174\" data-element_type=\"widget\" data-widget_type=\"heading.default\">\n\t\t\t\t<div class=\"elementor-widget-container\">\n\t\t\t\t\t<h2 class=\"elementor-heading-title elementor-size-default\">Tule Tartusse  \u2013 siin saad p\u00e4riselt puhkamist nautida <\/h2>\t\t\t\t<\/div>\n\t\t\t\t<\/div>\n\t\t<div class=\"elementor-element elementor-element-ce98c08 e-con-full e-flex e-con e-child\" data-id=\"ce98c08\" data-element_type=\"container\">\n\t\t<div class=\"elementor-element elementor-element-3a3a8f9 e-con-full e-flex e-con e-child\" data-id=\"3a3a8f9\" data-element_type=\"container\">\n\t\t\t\t<div class=\"elementor-element elementor-element-ef48c43 elementor-widget elementor-widget-spacer\" data-id=\"ef48c43\" data-element_type=\"widget\" data-widget_type=\"spacer.default\">\n\t\t\t\t<div class=\"elementor-widget-container\">\n\t\t\t\t\t\t\t<div class=\"elementor-spacer\">\n\t\t\t<div class=\"elementor-spacer-inner\"><\/div>\n\t\t<\/div>\n\t\t\t\t\t\t<\/div>\n\t\t\t\t<\/div>\n\t\t\t\t<div class=\"elementor-element elementor-element-9b6a2e9 elementor-widget elementor-widget-text-editor\" data-id=\"9b6a2e9\" data-element_type=\"widget\" data-widget_type=\"text-editor.default\">\n\t\t\t\t<div class=\"elementor-widget-container\">\n\t\t\t\t\t\t\t\t\t<p>Sel aastal tasub puhkus planeerida just Tartusse, sest siin saad osa millestki erakordsest. Tartu koos kogu L\u00f5una-Eestiga on Euroopa kultuuripealinn Tartu 2024! Siinne suvi on t\u00e4is uhke tiitli v\u00e4\u00e4rilisi s\u00fcndmusi ning sinagi oled oodatud t\u00e4histama. V\u00f5ta punti ka pere v\u00f5i s\u00f5brad, sest erilisi hetki ja emotsioone on \u00fcheskoos alati toredam kogeda.\u00a0<\/p><p>Tule ela kaasa v\u00f5imsale t\u00e4navaspordis\u00fcndmusele Simple Session, mis on sel aastal tagasi oma s\u00fcnnilinnas. \u00c4ra maga maha ka FIA Euroopa autoralli meistriv\u00f5istluste etappi ERC Delfi Rally Estonia, mida s\u00f5idetakse Tartu ja L\u00f5una-Eesti teedel juuli alguses. Ralli stardi- ja fini\u0161ipoodium koos mitmek\u00fclgse meelelahutusprogrammiga on j\u00e4tkuvalt oma meelispaigas, Tartu Raekoja platsil.<\/p><p>Ja kas tead, mis? Sa oled Tartut v\u00e4\u00e4rt! Oleme palju l\u00e4hemal, kui sa arvad!<\/p>\t\t\t\t\t\t\t\t<\/div>\n\t\t\t\t<\/div>\n\t\t\t\t<\/div>\n\t\t<div class=\"elementor-element elementor-element-3ce38c9 e-con-full e-flex e-con e-child\" data-id=\"3ce38c9\" data-element_type=\"container\">\n\t\t\t\t<div class=\"elementor-element elementor-element-9cbd227 elementor-widget elementor-widget-image\" data-id=\"9cbd227\" data-element_type=\"widget\" data-widget_type=\"image.default\">\n\t\t\t\t<div class=\"elementor-widget-container\">\n\t\t\t\t\t\t\t\t\t\t\t\t<figure class=\"wp-caption\">\n\t\t\t\t\t\t\t\t\t\t<img fetchpriority=\"high\" decoding=\"async\" width=\"1024\" height=\"636\" src=\"https:\/\/visittartu.com\/wp-content\/uploads\/2024\/05\/Silver-Gutmann.-Suudlev-Tartu-scaled-e1720167976634-1024x636.jpg\" class=\"attachment-large size-large wp-image-101345\" alt=\"Suudlev Tartu kontsert\" srcset=\"https:\/\/visittartu.com\/wp-content\/uploads\/2024\/05\/Silver-Gutmann.-Suudlev-Tartu-scaled-e1720167976634-1024x636.jpg 1024w, https:\/\/visittartu.com\/wp-content\/uploads\/2024\/05\/Silver-Gutmann.-Suudlev-Tartu-scaled-e1720167976634-300x186.jpg 300w, https:\/\/visittartu.com\/wp-content\/uploads\/2024\/05\/Silver-Gutmann.-Suudlev-Tartu-scaled-e1720167976634-768x477.jpg 768w, https:\/\/visittartu.com\/wp-content\/uploads\/2024\/05\/Silver-Gutmann.-Suudlev-Tartu-scaled-e1720167976634-1536x955.jpg 1536w, https:\/\/visittartu.com\/wp-content\/uploads\/2024\/05\/Silver-Gutmann.-Suudlev-Tartu-scaled-e1720167976634-2048x1273.jpg 2048w\" sizes=\"(max-width: 1024px) 100vw, 1024px\" \/>\t\t\t\t\t\t\t\t\t\t\t<figcaption class=\"widget-image-caption wp-caption-text\">Suudlev Tartu, Silver Gutmann<\/figcaption>\n\t\t\t\t\t\t\t\t\t\t<\/figure>\n\t\t\t\t\t\t\t\t\t<\/div>\n\t\t\t\t<\/div>\n\t\t\t\t<\/div>\n\t\t\t\t<\/div>\n\t\t\t\t\t<\/div>\n\t\t\t\t<\/div>\n\t\t<div class=\"elementor-element elementor-element-434ff52 e-flex e-con-boxed e-con e-parent\" data-id=\"434ff52\" data-element_type=\"container\">\n\t\t\t\t\t<div class=\"e-con-inner\">\n\t\t\t\t<div class=\"elementor-element elementor-element-39a6004 elementor-widget elementor-widget-spacer\" data-id=\"39a6004\" data-element_type=\"widget\" data-widget_type=\"spacer.default\">\n\t\t\t\t<div class=\"elementor-widget-container\">\n\t\t\t\t\t\t\t<div class=\"elementor-spacer\">\n\t\t\t<div class=\"elementor-spacer-inner\"><\/div>\n\t\t<\/div>\n\t\t\t\t\t\t<\/div>\n\t\t\t\t<\/div>\n\t\t\t\t<div class=\"elementor-element elementor-element-6e6de43 elementor-widget elementor-widget-heading\" data-id=\"6e6de43\" data-element_type=\"widget\" data-widget_type=\"heading.default\">\n\t\t\t\t<div class=\"elementor-widget-container\">\n\t\t\t\t\t<h2 class=\"elementor-heading-title elementor-size-default\">Laulu, tantsu ja muusikat<\/h2>\t\t\t\t<\/div>\n\t\t\t\t<\/div>\n\t\t\t\t\t<\/div>\n\t\t\t\t<\/div>\n\t\t<div class=\"elementor-element elementor-element-e6995cc con-2col-imgtxt cont e-flex e-con-boxed e-con e-parent\" data-id=\"e6995cc\" data-element_type=\"container\" data-settings=\"{&quot;background_background&quot;:&quot;classic&quot;}\">\n\t\t\t\t\t<div class=\"e-con-inner\">\n\t\t<div class=\"elementor-element elementor-element-aaa5c05 e-con-full e-flex e-con e-child\" data-id=\"aaa5c05\" data-element_type=\"container\">\n\t\t\t\t<div class=\"elementor-element elementor-element-fad3f36 elementor-widget elementor-widget-image\" data-id=\"fad3f36\" data-element_type=\"widget\" data-widget_type=\"image.default\">\n\t\t\t\t<div class=\"elementor-widget-container\">\n\t\t\t\t\t\t\t\t\t\t\t\t<figure class=\"wp-caption\">\n\t\t\t\t\t\t\t\t\t\t<img decoding=\"async\" width=\"1024\" height=\"650\" src=\"https:\/\/visittartu.com\/wp-content\/uploads\/2024\/05\/525884-22juuni2019_160425_0094_maanuskullamaa-scaled-e1720168017630-1024x650.jpg\" class=\"attachment-large size-large wp-image-101226\" alt=\"Tartu laulupidu 2024, neiud hoidmas lippe\" srcset=\"https:\/\/visittartu.com\/wp-content\/uploads\/2024\/05\/525884-22juuni2019_160425_0094_maanuskullamaa-scaled-e1720168017630-1024x650.jpg 1024w, https:\/\/visittartu.com\/wp-content\/uploads\/2024\/05\/525884-22juuni2019_160425_0094_maanuskullamaa-scaled-e1720168017630-300x190.jpg 300w, https:\/\/visittartu.com\/wp-content\/uploads\/2024\/05\/525884-22juuni2019_160425_0094_maanuskullamaa-scaled-e1720168017630-768x488.jpg 768w, https:\/\/visittartu.com\/wp-content\/uploads\/2024\/05\/525884-22juuni2019_160425_0094_maanuskullamaa-scaled-e1720168017630-1536x975.jpg 1536w, https:\/\/visittartu.com\/wp-content\/uploads\/2024\/05\/525884-22juuni2019_160425_0094_maanuskullamaa-scaled-e1720168017630-2048x1300.jpg 2048w\" sizes=\"(max-width: 1024px) 100vw, 1024px\" \/>\t\t\t\t\t\t\t\t\t\t\t<figcaption class=\"widget-image-caption wp-caption-text\">Tartu laulupidu, Maanus Kullamaa<\/figcaption>\n\t\t\t\t\t\t\t\t\t\t<\/figure>\n\t\t\t\t\t\t\t\t\t<\/div>\n\t\t\t\t<\/div>\n\t\t\t\t<\/div>\n\t\t<div class=\"elementor-element elementor-element-3241ff7 e-con-full e-flex e-con e-child\" data-id=\"3241ff7\" data-element_type=\"container\">\n\t\t\t\t<div class=\"elementor-element elementor-element-ff312e7 elementor-widget elementor-widget-text-editor\" data-id=\"ff312e7\" data-element_type=\"widget\" data-widget_type=\"text-editor.default\">\n\t\t\t\t<div class=\"elementor-widget-container\">\n\t\t\t\t\t\t\t\t\t<p>Sel suvel toovad Tartu laulu- ja tantsupidu esmakordselt siia niiv\u00f5rd suurejoonelise peon\u00e4dala \u2013 tantsumurule ja laulukaare alla j\u00f5uab m\u00e4rgiline arv tantsur\u00fchmi, laulukoore ja muusikuid, kellele kaasa elada.<\/p><p>Tartu linna p\u00e4ev loob juba traditsiooniks saanud galakontserdiga Raekoja platsile tavalisest palju pidulikuma meeleolu. Lisaks r\u00f5\u00f5mustatakse meid t\u00e4htsa p\u00e4eva puhul mitmete kontsertide, etenduste, ekskursioonide ja \u00fcllatustega. Muusikat saad nautida ka Sisevete festivalil, kus V\u00f5rtsj\u00e4rve, Peipsi j\u00e4rve ning Emaj\u00f5e kaunile loodusele lisavad v\u00e4rvi 12 p\u00e4eva tasuta kontserte Eesti artistidelt ning p\u00f5nev kultuuriprogramm. Linnas loob s\u00fcdasuvel elu ja melu kuu aega kestev Autovabaduse puiestee, mille \u00fcks tipps\u00fcndmustest on augustikuine Tartu 2024 suur suvepidu. Melomaanidele ja tantsuhuvilistele pakub suve\u00f5htuteks aga meeldej\u00e4\u00e4vaid hetki Elva SuveStriim.<\/p>\t\t\t\t\t\t\t\t<\/div>\n\t\t\t\t<\/div>\n\t\t\t\t<\/div>\n\t\t\t\t\t<\/div>\n\t\t\t\t<\/div>\n\t\t<div class=\"elementor-element elementor-element-d4ad583 con-2col-imgtxt cont e-flex e-con-boxed e-con e-parent\" data-id=\"d4ad583\" data-element_type=\"container\" data-settings=\"{&quot;background_background&quot;:&quot;classic&quot;}\">\n\t\t\t\t\t<div class=\"e-con-inner\">\n\t\t<div class=\"elementor-element elementor-element-2a206c8 e-flex e-con-boxed e-con e-child\" data-id=\"2a206c8\" data-element_type=\"container\">\n\t\t\t\t\t<div class=\"e-con-inner\">\n\t\t<div class=\"elementor-element elementor-element-27977db e-con-full e-flex e-con e-child\" data-id=\"27977db\" data-element_type=\"container\">\n\t\t\t\t<div class=\"elementor-element elementor-element-b144eb3 elementor-widget elementor-widget-spacer\" data-id=\"b144eb3\" data-element_type=\"widget\" data-widget_type=\"spacer.default\">\n\t\t\t\t<div class=\"elementor-widget-container\">\n\t\t\t\t\t\t\t<div class=\"elementor-spacer\">\n\t\t\t<div class=\"elementor-spacer-inner\"><\/div>\n\t\t<\/div>\n\t\t\t\t\t\t<\/div>\n\t\t\t\t<\/div>\n\t\t\t\t<div class=\"elementor-element elementor-element-498a348 elementor-widget elementor-widget-heading\" data-id=\"498a348\" data-element_type=\"widget\" data-widget_type=\"heading.default\">\n\t\t\t\t<div class=\"elementor-widget-container\">\n\t\t\t\t\t<h2 class=\"elementor-heading-title elementor-size-default\">Head ja paremat <\/h2>\t\t\t\t<\/div>\n\t\t\t\t<\/div>\n\t\t\t\t<div class=\"elementor-element elementor-element-7442643 elementor-widget elementor-widget-image\" data-id=\"7442643\" data-element_type=\"widget\" data-widget_type=\"image.default\">\n\t\t\t\t<div class=\"elementor-widget-container\">\n\t\t\t\t\t\t\t\t\t\t\t\t<figure class=\"wp-caption\">\n\t\t\t\t\t\t\t\t\t\t<img decoding=\"async\" width=\"768\" height=\"500\" src=\"https:\/\/visittartu.com\/wp-content\/uploads\/2024\/05\/541424-mainefotod_luisagretavilo-21-scaled-e1720075133168-768x500.jpg\" class=\"attachment-medium_large size-medium_large wp-image-101232\" alt=\"Tartu Toidu ja Veinifestival toit tartus\" srcset=\"https:\/\/visittartu.com\/wp-content\/uploads\/2024\/05\/541424-mainefotod_luisagretavilo-21-scaled-e1720075133168-768x500.jpg 768w, https:\/\/visittartu.com\/wp-content\/uploads\/2024\/05\/541424-mainefotod_luisagretavilo-21-scaled-e1720075133168-300x195.jpg 300w, https:\/\/visittartu.com\/wp-content\/uploads\/2024\/05\/541424-mainefotod_luisagretavilo-21-scaled-e1720075133168-1024x667.jpg 1024w, https:\/\/visittartu.com\/wp-content\/uploads\/2024\/05\/541424-mainefotod_luisagretavilo-21-scaled-e1720075133168-1536x1001.jpg 1536w, https:\/\/visittartu.com\/wp-content\/uploads\/2024\/05\/541424-mainefotod_luisagretavilo-21-scaled-e1720075133168-2048x1334.jpg 2048w\" sizes=\"(max-width: 768px) 100vw, 768px\" \/>\t\t\t\t\t\t\t\t\t\t\t<figcaption class=\"widget-image-caption wp-caption-text\">Tartu toidu-ja veinifestival, Luisa Greta Vilo<\/figcaption>\n\t\t\t\t\t\t\t\t\t\t<\/figure>\n\t\t\t\t\t\t\t\t\t<\/div>\n\t\t\t\t<\/div>\n\t\t\t\t<div class=\"elementor-element elementor-element-5b522ac elementor-widget elementor-widget-text-editor\" data-id=\"5b522ac\" data-element_type=\"widget\" data-widget_type=\"text-editor.default\">\n\t\t\t\t<div class=\"elementor-widget-container\">\n\t\t\t\t\t\t\t\t\t<p><span class=\"TextRun SCXW248516973 BCX0\" lang=\"ET-EE\" xml:lang=\"ET-EE\" data-contrast=\"none\"><span class=\"NormalTextRun SCXW248516973 BCX0\">Teadlikud <\/span><span class=\"NormalTextRun SpellingErrorV2Themed SCXW248516973 BCX0\">toidunautlejad<\/span><span class=\"NormalTextRun SCXW248516973 BCX0\"> juba teavad, et Tartu on koht, kuhu suunduda, kui hing ihkab midagi t\u00f5eliselt head. Lisaks hubastele <\/span><\/span><span class=\"TextRun SCXW248516973 BCX0\" lang=\"ET-EE\" xml:lang=\"ET-EE\" data-contrast=\"auto\"><span class=\"NormalTextRun SCXW248516973 BCX0\">kohvikutele<\/span><\/span><span class=\"TextRun SCXW248516973 BCX0\" lang=\"ET-EE\" xml:lang=\"ET-EE\" data-contrast=\"none\"><span class=\"NormalTextRun SCXW248516973 BCX0\"> ja k\u00f5rgelt hinnatud restoranidele on siin ka mitmeid palavalt armastatud toidus\u00fcndmusi. Juba oma tuntud kvaliteedis r\u00f5\u00f5mustab k\u00f5iki <\/span><\/span><span class=\"TextRun SCXW248516973 BCX0\" lang=\"ET-EE\" xml:lang=\"ET-EE\" data-contrast=\"auto\"><span class=\"NormalTextRun SCXW248516973 BCX0\">Tartu toidu- ja veinifestival<\/span><\/span><span class=\"TextRun SCXW248516973 BCX0\" lang=\"ET-EE\" xml:lang=\"ET-EE\" data-contrast=\"none\"><span class=\"NormalTextRun SCXW248516973 BCX0\">. M\u00f6\u00f6da Peipsi j\u00e4rve \u00e4\u00e4rt kulgev kahep\u00e4evane <\/span><\/span><span class=\"TextRun SCXW248516973 BCX0\" lang=\"ET-EE\" xml:lang=\"ET-EE\" data-contrast=\"auto\"><span class=\"NormalTextRun SCXW248516973 BCX0\">\u201ePeipsi Toidu T\u00e4nav 175 km\u201c<\/span><\/span><span class=\"TextRun SCXW248516973 BCX0\" lang=\"ET-EE\" xml:lang=\"ET-EE\" data-contrast=\"none\"><span class=\"NormalTextRun SCXW248516973 BCX0\"> toob aga <\/span><\/span><span class=\"TextRun SCXW248516973 BCX0\" lang=\"ET-EE\" xml:lang=\"ET-EE\" data-contrast=\"none\"><span class=\"NormalTextRun SpellingErrorV2Themed SCXW248516973 BCX0\">pop-up<\/span><\/span><span class=\"TextRun SCXW248516973 BCX0\" lang=\"ET-EE\" xml:lang=\"ET-EE\" data-contrast=\"none\"> <span class=\"NormalTextRun SpellingErrorV2Themed SCXW248516973 BCX0\">restodesse<\/span><span class=\"NormalTextRun SCXW248516973 BCX0\"> parimad maitsed kohalikust j\u00e4rvest, metsadest, soodest ja rabadest. Uue laheda s\u00fcndmusena v\u00f5id enda jaoks avastada <\/span><\/span><span class=\"TextRun SCXW248516973 BCX0\" lang=\"ET-EE\" xml:lang=\"ET-EE\" data-contrast=\"auto\"><span class=\"NormalTextRun SCXW248516973 BCX0\">BARTU<\/span><\/span><span class=\"TextRun SCXW248516973 BCX0\" lang=\"ET-EE\" xml:lang=\"ET-EE\" data-contrast=\"none\"><span class=\"NormalTextRun SCXW248516973 BCX0\">, mis on baarikultuurile ja loovatele keskkondadele p\u00fchendatud linnafestival.\u00a0<\/span><\/span><span class=\"EOP SCXW248516973 BCX0\" data-ccp-props=\"{&quot;201341983&quot;:0,&quot;335559739&quot;:160,&quot;335559740&quot;:259}\">\u00a0<\/span><\/p>\t\t\t\t\t\t\t\t<\/div>\n\t\t\t\t<\/div>\n\t\t\t\t<\/div>\n\t\t<div class=\"elementor-element elementor-element-9357bb7 e-con-full e-flex e-con e-child\" data-id=\"9357bb7\" data-element_type=\"container\">\n\t\t\t\t<div class=\"elementor-element elementor-element-5d22f99 elementor-widget elementor-widget-spacer\" data-id=\"5d22f99\" data-element_type=\"widget\" data-widget_type=\"spacer.default\">\n\t\t\t\t<div class=\"elementor-widget-container\">\n\t\t\t\t\t\t\t<div class=\"elementor-spacer\">\n\t\t\t<div class=\"elementor-spacer-inner\"><\/div>\n\t\t<\/div>\n\t\t\t\t\t\t<\/div>\n\t\t\t\t<\/div>\n\t\t\t\t<div class=\"elementor-element elementor-element-8f5f608 elementor-widget elementor-widget-heading\" data-id=\"8f5f608\" data-element_type=\"widget\" data-widget_type=\"heading.default\">\n\t\t\t\t<div class=\"elementor-widget-container\">\n\t\t\t\t\t<h2 class=\"elementor-heading-title elementor-size-default\">M\u00f5nusat melu <\/h2>\t\t\t\t<\/div>\n\t\t\t\t<\/div>\n\t\t\t\t<div class=\"elementor-element elementor-element-4db5baa elementor-widget elementor-widget-image\" data-id=\"4db5baa\" data-element_type=\"widget\" data-widget_type=\"image.default\">\n\t\t\t\t<div class=\"elementor-widget-container\">\n\t\t\t\t\t\t\t\t\t\t\t\t<figure class=\"wp-caption\">\n\t\t\t\t\t\t\t\t\t\t<img loading=\"lazy\" decoding=\"async\" width=\"1024\" height=\"665\" src=\"https:\/\/visittartu.com\/wp-content\/uploads\/2024\/05\/535896-oliverkuusk-0976_35682607083_o-1024x665.jpg\" class=\"attachment-large size-large wp-image-101238\" alt=\"Armastusfilmide festival Tartuff, Oliver Kuusk\" srcset=\"https:\/\/visittartu.com\/wp-content\/uploads\/2024\/05\/535896-oliverkuusk-0976_35682607083_o-1024x665.jpg 1024w, https:\/\/visittartu.com\/wp-content\/uploads\/2024\/05\/535896-oliverkuusk-0976_35682607083_o-300x195.jpg 300w, https:\/\/visittartu.com\/wp-content\/uploads\/2024\/05\/535896-oliverkuusk-0976_35682607083_o-768x499.jpg 768w, https:\/\/visittartu.com\/wp-content\/uploads\/2024\/05\/535896-oliverkuusk-0976_35682607083_o-1536x998.jpg 1536w, https:\/\/visittartu.com\/wp-content\/uploads\/2024\/05\/535896-oliverkuusk-0976_35682607083_o-2048x1330.jpg 2048w\" sizes=\"(max-width: 1024px) 100vw, 1024px\" \/>\t\t\t\t\t\t\t\t\t\t\t<figcaption class=\"widget-image-caption wp-caption-text\">Armastusfilmide festival Tartuff, Oliver Kuusk<\/figcaption>\n\t\t\t\t\t\t\t\t\t\t<\/figure>\n\t\t\t\t\t\t\t\t\t<\/div>\n\t\t\t\t<\/div>\n\t\t\t\t<div class=\"elementor-element elementor-element-852b648 elementor-widget elementor-widget-text-editor\" data-id=\"852b648\" data-element_type=\"widget\" data-widget_type=\"text-editor.default\">\n\t\t\t\t<div class=\"elementor-widget-container\">\n\t\t\t\t\t\t\t\t\t<p><span class=\"TextRun SCXW236606908 BCX0\" lang=\"ET-EE\" xml:lang=\"ET-EE\" data-contrast=\"none\"><span class=\"NormalTextRun SCXW236606908 BCX0\">Tartu on kahtlemata Eesti t\u00e4navakunsti pealinn \u2013 tule uudistama, kuidas rahvusvahelise <\/span><\/span><span class=\"TextRun SCXW236606908 BCX0\" lang=\"ET-EE\" xml:lang=\"ET-EE\" data-contrast=\"auto\"><span class=\"NormalTextRun SpellingErrorV2Themed SCXW236606908 BCX0\">Stencibility<\/span><span class=\"NormalTextRun SCXW236606908 BCX0\"> festivali<\/span><\/span><span class=\"TextRun SCXW236606908 BCX0\" lang=\"ET-EE\" xml:lang=\"ET-EE\" data-contrast=\"none\"><span class=\"NormalTextRun SCXW236606908 BCX0\"> raames teoseid veel juurde luuakse. Tartu ise tervikuna ongi justkui \u00fcks huvitavalt \u00e4ge t\u00e4navakunstiteos, aga mitte ainult. Augustikuine armastusfilmide festival <\/span><\/span><span class=\"TextRun SCXW236606908 BCX0\" lang=\"ET-EE\" xml:lang=\"ET-EE\" data-contrast=\"auto\"><span class=\"NormalTextRun SpellingErrorV2Themed SCXW236606908 BCX0\">Tartuff<\/span><\/span><span class=\"TextRun SCXW236606908 BCX0\" lang=\"ET-EE\" xml:lang=\"ET-EE\" data-contrast=\"none\"><span class=\"NormalTextRun SCXW236606908 BCX0\"> muudab meie Raekoja platsi hoopis Baltimaade \u00fcheks suuremaks vaba\u00f5hukinoks, kus vaadatakse armastuse eri tahkudele otsa m\u00f5nikord v\u00e4ga ootamatute nurkade alt. Olulisi teemasid t\u00f5statab kindlasti ka meeleolukas LGBT+ kultuurifestival <\/span><\/span><span class=\"TextRun SCXW236606908 BCX0\" lang=\"ET-EE\" xml:lang=\"ET-EE\" data-contrast=\"auto\"><span class=\"NormalTextRun SCXW236606908 BCX0\">Tartu 2024 <\/span><span class=\"NormalTextRun SpellingErrorV2Themed SCXW236606908 BCX0\">Pride<\/span><\/span><span class=\"TextRun SCXW236606908 BCX0\" lang=\"ET-EE\" xml:lang=\"ET-EE\" data-contrast=\"none\"><span class=\"NormalTextRun SCXW236606908 BCX0\">.<\/span><\/span> <span class=\"TextRun SCXW236606908 BCX0\" lang=\"ET-EE\" xml:lang=\"ET-EE\" data-contrast=\"none\"><span class=\"NormalTextRun SCXW236606908 BCX0\">Elvas toimuv<\/span><\/span> <span class=\"TextRun SCXW236606908 BCX0\" lang=\"ET-EE\" xml:lang=\"ET-EE\" data-contrast=\"auto\"><span class=\"NormalTextRun SCXW236606908 BCX0\">Eesti Liikumis- ja Heaolufestival<\/span><\/span><span class=\"TextRun SCXW236606908 BCX0\" lang=\"ET-EE\" xml:lang=\"ET-EE\" data-contrast=\"none\"><span class=\"NormalTextRun SCXW236606908 BCX0\"> kutsub sind k\u00f5ige toreda hulgas ka S\u00f5ltumatu Tantsu Maratonile.\u00a0<\/span><\/span><span class=\"EOP SCXW236606908 BCX0\" data-ccp-props=\"{&quot;201341983&quot;:0,&quot;335559739&quot;:160,&quot;335559740&quot;:259}\">\u00a0<\/span><\/p>\t\t\t\t\t\t\t\t<\/div>\n\t\t\t\t<\/div>\n\t\t\t\t<\/div>\n\t\t\t\t\t<\/div>\n\t\t\t\t<\/div>\n\t\t\t\t\t<\/div>\n\t\t\t\t<\/div>\n\t\t<div class=\"elementor-element elementor-element-0b987dd con-2col-imgtxt cont e-flex e-con-boxed e-con e-parent\" data-id=\"0b987dd\" data-element_type=\"container\" data-settings=\"{&quot;background_background&quot;:&quot;classic&quot;}\">\n\t\t\t\t\t<div class=\"e-con-inner\">\n\t\t<div class=\"elementor-element elementor-element-7cccea3 e-flex e-con-boxed e-con e-child\" data-id=\"7cccea3\" data-element_type=\"container\">\n\t\t\t\t\t<div class=\"e-con-inner\">\n\t\t<div class=\"elementor-element elementor-element-8767dde e-con-full e-flex e-con e-child\" data-id=\"8767dde\" data-element_type=\"container\">\n\t\t\t\t<div class=\"elementor-element elementor-element-862922f elementor-widget elementor-widget-heading\" data-id=\"862922f\" data-element_type=\"widget\" data-widget_type=\"heading.default\">\n\t\t\t\t<div class=\"elementor-widget-container\">\n\t\t\t\t\t<h2 class=\"elementor-heading-title elementor-size-default\">Uusi avastusi<\/h2>\t\t\t\t<\/div>\n\t\t\t\t<\/div>\n\t\t\t\t<div class=\"elementor-element elementor-element-e67965c elementor-widget elementor-widget-image\" data-id=\"e67965c\" data-element_type=\"widget\" data-widget_type=\"image.default\">\n\t\t\t\t<div class=\"elementor-widget-container\">\n\t\t\t\t\t\t\t\t\t\t\t\t<figure class=\"wp-caption\">\n\t\t\t\t\t\t\t\t\t\t<img loading=\"lazy\" decoding=\"async\" width=\"1024\" height=\"683\" src=\"https:\/\/visittartu.com\/wp-content\/uploads\/2024\/05\/nublumg-23-04-2024-mikk-otsar-1024x683.jpg\" class=\"attachment-large size-large wp-image-101269\" alt=\"\" srcset=\"https:\/\/visittartu.com\/wp-content\/uploads\/2024\/05\/nublumg-23-04-2024-mikk-otsar-1024x683.jpg 1024w, https:\/\/visittartu.com\/wp-content\/uploads\/2024\/05\/nublumg-23-04-2024-mikk-otsar-300x200.jpg 300w, https:\/\/visittartu.com\/wp-content\/uploads\/2024\/05\/nublumg-23-04-2024-mikk-otsar-768x512.jpg 768w, https:\/\/visittartu.com\/wp-content\/uploads\/2024\/05\/nublumg-23-04-2024-mikk-otsar-1536x1024.jpg 1536w, https:\/\/visittartu.com\/wp-content\/uploads\/2024\/05\/nublumg-23-04-2024-mikk-otsar-2048x1366.jpg 2048w\" sizes=\"(max-width: 1024px) 100vw, 1024px\" \/>\t\t\t\t\t\t\t\t\t\t\t<figcaption class=\"widget-image-caption wp-caption-text\">Mikael  Gabrieli ja Nublu ERMis, Mikk Otsar<\/figcaption>\n\t\t\t\t\t\t\t\t\t\t<\/figure>\n\t\t\t\t\t\t\t\t\t<\/div>\n\t\t\t\t<\/div>\n\t\t\t\t<div class=\"elementor-element elementor-element-7303a02 elementor-widget elementor-widget-text-editor\" data-id=\"7303a02\" data-element_type=\"widget\" data-widget_type=\"text-editor.default\">\n\t\t\t\t<div class=\"elementor-widget-container\">\n\t\t\t\t\t\t\t\t\t<p><span data-contrast=\"none\">Ka juba varasemast teada-tuntud kohad Tartus pakuvad sel suvel uut ja huvitavat. Kas teadsid, et <\/span><span data-contrast=\"auto\">Tagurpidi Maja<\/span><span data-contrast=\"none\"> l\u00e4bis alles hiljuti v\u00e4lise v\u00e4rskenduskuuri? Majas sees ootavad endiselt \u00e4gedad peadp\u00f6\u00f6ritavad elamused. Killukese lapsep\u00f5lvenostalgiat leiad \u00e4sja 30. tegutsemisaastat\u00a0 t\u00e4histanud <\/span><span data-contrast=\"auto\">Tartu m\u00e4nguasjamuuseumi<\/span><span data-contrast=\"none\"> uusimalt n\u00e4ituselt \u201eEuroopa m\u00e4ngib\u201c. Tartu toomkiriku varemed \u00e4ratati ellu uue valgus- ja heliinstallatsiooniga <\/span><span data-contrast=\"auto\">\u201eElup\u00e4\u00e4stja\u201c<\/span><span data-contrast=\"none\">.\u00a0<\/span><span data-ccp-props=\"{&quot;201341983&quot;:0,&quot;335559739&quot;:160,&quot;335559740&quot;:259}\">\u00a0<\/span><\/p><p><span data-contrast=\"auto\">Sibulateel<\/span><span data-contrast=\"none\"> on suvel mitmeid uusi n\u00e4itusi, n\u00e4iteks armastatud\u00a0 <\/span><span data-contrast=\"auto\">Voronja galeriis<\/span><span data-contrast=\"none\"> ja ka Eesti talurahva elu tutvustavas <\/span><span data-contrast=\"auto\">Liivi muuseumis<\/span><span data-contrast=\"none\">. \u00dcks Sibulateel asuvatest kohtadest l\u00e4bis aga totaalse muutuse ning sai ka interaktiivsema sisu \u2013 nimelt taasavati hiljuti\u00a0 <\/span><span data-contrast=\"auto\">Kolkja vanausuliste muuseum<\/span><span data-contrast=\"none\">.\u00a0<\/span><span data-ccp-props=\"{&quot;201341983&quot;:0,&quot;335559739&quot;:160,&quot;335559740&quot;:259}\">\u00a0<\/span><\/p><p><span data-contrast=\"none\">Isetegemisele p\u00fchendatud n\u00e4itus <\/span><span data-contrast=\"auto\">\u201ePeedist pesumasin\u201c<\/span><span data-contrast=\"none\"> on <\/span><span data-contrast=\"auto\">Eesti P\u00f5llumajandusmuuseumi<\/span><span data-contrast=\"none\">, <\/span><span data-contrast=\"auto\">Tartu Linnamuuseumi<\/span><span data-contrast=\"none\"> ja <\/span><span data-contrast=\"auto\">Eesti Maanteemuuseumi<\/span><span data-contrast=\"none\"> \u00fchisprojekt leiutamisest, leidlikkusest ja taaskasutusest. Uusi kaasahaaravaid n\u00e4itusi on veel <\/span><span data-contrast=\"auto\">Eesti Rahva Muuseumis<\/span><span data-contrast=\"none\">, <\/span><span data-contrast=\"auto\">Tartu linnaajaloo muuseumites<\/span><span data-contrast=\"none\">, <\/span><span data-contrast=\"auto\">Tartu \u00dclikooli muuseumites<\/span><span data-contrast=\"none\"> ja ka mitmetes teistes linna ja maakonna <\/span><span data-contrast=\"auto\">asutustes<\/span><span data-contrast=\"none\">.\u00a0<\/span><span data-ccp-props=\"{&quot;134233117&quot;:false,&quot;134233118&quot;:false,&quot;201341983&quot;:0,&quot;335559738&quot;:0,&quot;335559739&quot;:160,&quot;335559740&quot;:257}\">\u00a0<\/span><\/p>\t\t\t\t\t\t\t\t<\/div>\n\t\t\t\t<\/div>\n\t\t\t\t<\/div>\n\t\t<div class=\"elementor-element elementor-element-b285644 e-con-full e-flex e-con e-child\" data-id=\"b285644\" data-element_type=\"container\">\n\t\t\t\t<div class=\"elementor-element elementor-element-112c55a elementor-widget elementor-widget-heading\" data-id=\"112c55a\" data-element_type=\"widget\" data-widget_type=\"heading.default\">\n\t\t\t\t<div class=\"elementor-widget-container\">\n\t\t\t\t\t<h2 class=\"elementor-heading-title elementor-size-default\">Looduses l\u00f5\u00f5gastumist <\/h2>\t\t\t\t<\/div>\n\t\t\t\t<\/div>\n\t\t\t\t<div class=\"elementor-element elementor-element-3c143f3 elementor-widget elementor-widget-image\" data-id=\"3c143f3\" data-element_type=\"widget\" data-widget_type=\"image.default\">\n\t\t\t\t<div class=\"elementor-widget-container\">\n\t\t\t\t\t\t\t\t\t\t\t\t<figure class=\"wp-caption\">\n\t\t\t\t\t\t\t\t\t\t<img loading=\"lazy\" decoding=\"async\" width=\"1024\" height=\"683\" src=\"https:\/\/visittartu.com\/wp-content\/uploads\/2024\/05\/SV-9707-1024x683.jpg\" class=\"attachment-large size-large wp-image-101254\" alt=\"Arbi_j\u00e4rv\" srcset=\"https:\/\/visittartu.com\/wp-content\/uploads\/2024\/05\/SV-9707-1024x683.jpg 1024w, https:\/\/visittartu.com\/wp-content\/uploads\/2024\/05\/SV-9707-300x200.jpg 300w, https:\/\/visittartu.com\/wp-content\/uploads\/2024\/05\/SV-9707-768x512.jpg 768w, https:\/\/visittartu.com\/wp-content\/uploads\/2024\/05\/SV-9707-1536x1024.jpg 1536w, https:\/\/visittartu.com\/wp-content\/uploads\/2024\/05\/SV-9707-2048x1365.jpg 2048w\" sizes=\"(max-width: 1024px) 100vw, 1024px\" \/>\t\t\t\t\t\t\t\t\t\t\t<figcaption class=\"widget-image-caption wp-caption-text\">Arbi j\u00e4rv, Silvo Voznesenski<\/figcaption>\n\t\t\t\t\t\t\t\t\t\t<\/figure>\n\t\t\t\t\t\t\t\t\t<\/div>\n\t\t\t\t<\/div>\n\t\t\t\t<div class=\"elementor-element elementor-element-69a5d68 elementor-widget elementor-widget-text-editor\" data-id=\"69a5d68\" data-element_type=\"widget\" data-widget_type=\"text-editor.default\">\n\t\t\t\t<div class=\"elementor-widget-container\">\n\t\t\t\t\t\t\t\t\t<p><span data-contrast=\"none\">Linnamelule tasakaaluks on siin ka lausa linnas\u00fcdames m\u00f5nusat rahu ja vaikust, lummavast maakonnast r\u00e4\u00e4kimata. Kesklinnas on ajalooline <\/span><span data-contrast=\"auto\">Toomem\u00e4e park<\/span><span data-contrast=\"none\">, imeilus <\/span><span data-contrast=\"auto\">Tartu \u00dclikooli botaanikaaed<\/span><span data-contrast=\"none\"> ja \u00f5dus <\/span><span data-contrast=\"auto\">Emaj\u00f5e riviera promenaad<\/span><span data-contrast=\"none\">. Lisaks erinevatele j\u00f5elaevadele j\u00e4tkab ajalooline <\/span><span data-contrast=\"auto\">lodi J\u00f5mmu<\/span><span data-contrast=\"none\"> suvel s\u00f5ite l\u00e4bi Tartu kulgeval Emaj\u00f5el ja \u00fcmbritsevatel j\u00e4rvedel. Kas teadsid, et <\/span><span data-contrast=\"auto\">lodjakojas<\/span><span data-contrast=\"none\"> on suvel valmimas ka t\u00e4iesti <\/span><span data-contrast=\"auto\">uus lodi<\/span><span data-contrast=\"none\">? Kui soovid vee peal kulgemist pikemalt nautida, siis v\u00f5ta ette laevaretk ainulaadsele <\/span><span data-contrast=\"auto\">Piirissaarele<\/span><span data-contrast=\"none\">.\u00a0<\/span><span data-ccp-props=\"{&quot;201341983&quot;:0,&quot;335559739&quot;:160,&quot;335559740&quot;:259}\">\u00a0<\/span><\/p><p><span data-contrast=\"none\">Imekaunid Saadj\u00e4rv ja V\u00f5rtsj\u00e4rv ootavad parves\u00f5idule, ajalooline kuurortlinn <\/span><span data-contrast=\"auto\">Elva<\/span><span data-contrast=\"none\"> v\u00f5lub oma j\u00e4rvedega, Peipsi \u00e4\u00e4res saad imetleda <\/span><span data-contrast=\"auto\">Kallaste panka<\/span><span data-contrast=\"none\">. \u00dcle kogu maakonna on mitmeid veekogusid, kus saad nautida suplemist, kanuutamist, SUP-laudadega s\u00f5itmist ja muid \u00e4gedaid veeseiklusi. Muide, <\/span><span data-contrast=\"auto\">Elva seikluspargis<\/span><span data-contrast=\"none\"> saad kombineerida kauneid loodusvaateid ja p\u00f5nevat elevust, sest \u00f5hus\u00f5idul \u00fcle Verevi j\u00e4rve on kokku 800 meetrit vabalaskumist vee ja taeva vahel. \u00dcksk\u00f5ik, millise suuna Tartus v\u00f5i Tartumaal valid, v\u00f5id olla kindel, et leiad <\/span><span data-contrast=\"auto\">looduskauneid paiku<\/span><span data-contrast=\"none\">.<\/span><span data-ccp-props=\"{&quot;201341983&quot;:0,&quot;335559739&quot;:160,&quot;335559740&quot;:259}\">\u00a0<\/span><\/p>\t\t\t\t\t\t\t\t<\/div>\n\t\t\t\t<\/div>\n\t\t\t\t<\/div>\n\t\t\t\t\t<\/div>\n\t\t\t\t<\/div>\n\t\t\t\t\t<\/div>\n\t\t\t\t<\/div>\n\t\t<div class=\"elementor-element elementor-element-9e65077 e-flex e-con-boxed e-con e-parent\" data-id=\"9e65077\" data-element_type=\"container\">\n\t\t\t\t\t<div class=\"e-con-inner\">\n\t\t\t\t<div class=\"elementor-element elementor-element-cb1001f elementor-widget elementor-widget-heading\" data-id=\"cb1001f\" data-element_type=\"widget\" data-widget_type=\"heading.default\">\n\t\t\t\t<div class=\"elementor-widget-container\">\n\t\t\t\t\t<h2 class=\"elementor-heading-title elementor-size-default\">Lastega lustimist<\/h2>\t\t\t\t<\/div>\n\t\t\t\t<\/div>\n\t\t\t\t\t<\/div>\n\t\t\t\t<\/div>\n\t\t<div class=\"elementor-element elementor-element-7437fe0f con-2col-imgtxt cont e-flex e-con-boxed e-con e-parent\" data-id=\"7437fe0f\" data-element_type=\"container\" data-settings=\"{&quot;background_background&quot;:&quot;classic&quot;}\">\n\t\t\t\t\t<div class=\"e-con-inner\">\n\t\t<div class=\"elementor-element elementor-element-4db6924 e-con-full e-flex e-con e-child\" data-id=\"4db6924\" data-element_type=\"container\">\n\t\t\t\t<div class=\"elementor-element elementor-element-45d2b7f9 elementor-widget elementor-widget-image\" data-id=\"45d2b7f9\" data-element_type=\"widget\" data-widget_type=\"image.default\">\n\t\t\t\t<div class=\"elementor-widget-container\">\n\t\t\t\t\t\t\t\t\t\t\t\t<figure class=\"wp-caption\">\n\t\t\t\t\t\t\t\t\t\t<img loading=\"lazy\" decoding=\"async\" width=\"1024\" height=\"683\" src=\"https:\/\/visittartu.com\/wp-content\/uploads\/2024\/05\/Lapsed_Autovabaduse_mana-kaasik_avp-43-1024x683.jpg\" class=\"attachment-large size-large wp-image-101330\" alt=\"Autovabaduse puiestee, Tartus, lapsed m\u00e4ngimas\" srcset=\"https:\/\/visittartu.com\/wp-content\/uploads\/2024\/05\/Lapsed_Autovabaduse_mana-kaasik_avp-43-1024x683.jpg 1024w, https:\/\/visittartu.com\/wp-content\/uploads\/2024\/05\/Lapsed_Autovabaduse_mana-kaasik_avp-43-300x200.jpg 300w, https:\/\/visittartu.com\/wp-content\/uploads\/2024\/05\/Lapsed_Autovabaduse_mana-kaasik_avp-43-768x512.jpg 768w, https:\/\/visittartu.com\/wp-content\/uploads\/2024\/05\/Lapsed_Autovabaduse_mana-kaasik_avp-43-1536x1025.jpg 1536w, https:\/\/visittartu.com\/wp-content\/uploads\/2024\/05\/Lapsed_Autovabaduse_mana-kaasik_avp-43.jpg 2000w\" sizes=\"(max-width: 1024px) 100vw, 1024px\" \/>\t\t\t\t\t\t\t\t\t\t\t<figcaption class=\"widget-image-caption wp-caption-text\">Autovabaduse puiestee, Mana Kaasik<\/figcaption>\n\t\t\t\t\t\t\t\t\t\t<\/figure>\n\t\t\t\t\t\t\t\t\t<\/div>\n\t\t\t\t<\/div>\n\t\t\t\t<\/div>\n\t\t<div class=\"elementor-element elementor-element-481d351d e-con-full e-flex e-con e-child\" data-id=\"481d351d\" data-element_type=\"container\">\n\t\t\t\t<div class=\"elementor-element elementor-element-55e4b5b3 elementor-widget elementor-widget-text-editor\" data-id=\"55e4b5b3\" data-element_type=\"widget\" data-widget_type=\"text-editor.default\">\n\t\t\t\t<div class=\"elementor-widget-container\">\n\t\t\t\t\t\t\t\t\t<p>Kui plaanid puhkust koos lastega, siis on Tartu kindlasti \u00f5ige sihtkoht, sest erinevaid v\u00f5imalusi on siin peredele hulgaliselt. Eesti vingeimas v\u00e4liveepargis Vudilas jagub lustimist kogu p\u00e4evaks ja seda iga ilmaga. AHHAA teaduskeskuses on p\u00f5nev! Lisaks l\u00f5busale k\u00e4ed-k\u00fclge p\u00fcsin\u00e4itusele on AHHAA sel suvel k\u00f5ige n\u00e4rvik\u00f5di ja elevust tekitava p\u00e4ralt. K\u00fclla ootab ka Eesti Spordi- ja Ol\u00fcmpiamuusem \u2013 see on elamusmuuseum, kus praegu pakub lisauudistamist v\u00f5itluskunstide n\u00e4itus \u201eHaarete saal\u201d. J\u00e4\u00e4aja Keskuses saad teha pilti mammutite taustal ning sukelduda ajalukku, mis ulatub 13,7 miljardi aasta tagusesse aega.\u00a0\u00a0<\/p><p>V\u00f5rtsj\u00e4rve-\u00e4\u00e4rses J\u00e4rvemuuseumis on klassikaliste stendides seisvate muuseumiobjektide asemel on p\u00f5hitegijateks t\u00e4iesti elus Eestis elavad mageveekalad. Kui ihkad perepuhkusesse seiklusi, siis seda leiad Lange motokeskusest ja mitmetest seiklusparkidest, kus lahedatele v\u00e4ljakutsetele lisaks on ka pere pisematele m\u00f5eldud radu.\u00a0\u00a0<\/p>\t\t\t\t\t\t\t\t<\/div>\n\t\t\t\t<\/div>\n\t\t\t\t<\/div>\n\t\t\t\t\t<\/div>\n\t\t\t\t<\/div>\n\t\t\t\t<\/div>\n\t\t","protected":false},"excerpt":{"rendered":"<p>Tule Tartusse \u2013 siin saad p\u00e4riselt puhkamist nautida Sel aastal tasub puhkus planeerida just Tartusse, sest siin saad osa millestki erakordsest. Tartu koos kogu L\u00f5una-Eestiga on Euroopa kultuuripealinn Tartu 2024! Siinne suvi on t\u00e4is uhke tiitli v\u00e4\u00e4rilisi s\u00fcndmusi ning sinagi oled oodatud t\u00e4histama. V\u00f5ta punti ka pere v\u00f5i s\u00f5brad, sest erilisi hetki ja emotsioone on [&hellip;]<\/p>\n","protected":false},"author":14,"featured_media":101320,"comment_status":"closed","ping_status":"closed","sticky":false,"template":"","format":"standard","meta":{"_acf_changed":false,"footnotes":""},"categories":[202],"tags":[213],"class_list":["post-101180","post","type-post","status-publish","format-standard","has-post-thumbnail","hentry","category-uudis","tag-sundmused"],"acf":[],"_links":{"self":[{"href":"https:\/\/visittartu.com\/et\/wp-json\/wp\/v2\/posts\/101180","targetHints":{"allow":["GET"]}}],"collection":[{"href":"https:\/\/visittartu.com\/et\/wp-json\/wp\/v2\/posts"}],"about":[{"href":"https:\/\/visittartu.com\/et\/wp-json\/wp\/v2\/types\/post"}],"author":[{"embeddable":true,"href":"https:\/\/visittartu.com\/et\/wp-json\/wp\/v2\/users\/14"}],"replies":[{"embeddable":true,"href":"https:\/\/visittartu.com\/et\/wp-json\/wp\/v2\/comments?post=101180"}],"version-history":[{"count":5,"href":"https:\/\/visittartu.com\/et\/wp-json\/wp\/v2\/posts\/101180\/revisions"}],"predecessor-version":[{"id":144859,"href":"https:\/\/visittartu.com\/et\/wp-json\/wp\/v2\/posts\/101180\/revisions\/144859"}],"wp:featuredmedia":[{"embeddable":true,"href":"https:\/\/visittartu.com\/et\/wp-json\/wp\/v2\/media\/101320"}],"wp:attachment":[{"href":"https:\/\/visittartu.com\/et\/wp-json\/wp\/v2\/media?parent=101180"}],"wp:term":[{"taxonomy":"category","embeddable":true,"href":"https:\/\/visittartu.com\/et\/wp-json\/wp\/v2\/categories?post=101180"},{"taxonomy":"post_tag","embeddable":true,"href":"https:\/\/visittartu.com\/et\/wp-json\/wp\/v2\/tags?post=101180"}],"curies":[{"name":"wp","href":"https:\/\/api.w.org\/{rel}","templated":true}]}}